{"id":1078,"date":"2024-04-27T08:53:39","date_gmt":"2024-04-27T06:53:39","guid":{"rendered":"http:\/\/www.artland-gymnasium.de\/wordpress\/?p=1078"},"modified":"2025-08-07T19:07:05","modified_gmt":"2025-08-07T17:07:05","slug":"jugend-trainiert-fuer-olympia-turnen","status":"publish","type":"post","link":"https:\/\/www.artland-gymnasium.de\/wordpress\/2024\/04\/27\/jugend-trainiert-fuer-olympia-turnen\/","title":{"rendered":"Jugend trainiert f\u00fcr Olympia &#8211; Turnen"},"content":{"rendered":"\n<p><strong>Jugend trainiert 2024 Turnen<\/strong><\/p>\n\n\n\n<p>Auch in diesem Jahr konnten wir erfreulicher Weise wieder eine Mannschaft in der WK4 im Turnen melden. Nachdem im letzten Jahr der Bezirksentscheid bei uns in Quakenbr\u00fcck stattfand, fuhren die f\u00fcnf M\u00e4dchen dieses Mal zum Bezirkswettkampf nach Bramsche.<\/p>\n\n\n\n<p>Und auch in diesem Jahr wurden die tollen Leistungen der Turnerinnen mit dem 3. Platz belohnt.&nbsp;<\/p>\n\n\n\n<p>Herzlichen Gl\u00fcckwunsch!!<\/p>\n\n\n<div class=\"wp-block-image\">\n<figure class=\"aligncenter size-large\"><img loading=\"lazy\" decoding=\"async\" width=\"768\" height=\"1024\" src=\"https:\/\/www.artland-gymnasium.de\/wordpress\/wp-content\/uploads\/2024\/04\/JtfO_Turnen_2024-768x1024.jpg\" alt=\"\" class=\"wp-image-10025\" srcset=\"https:\/\/www.artland-gymnasium.de\/wordpress\/wp-content\/uploads\/2024\/04\/JtfO_Turnen_2024-768x1024.jpg 768w, https:\/\/www.artland-gymnasium.de\/wordpress\/wp-content\/uploads\/2024\/04\/JtfO_Turnen_2024-225x300.jpg 225w, https:\/\/www.artland-gymnasium.de\/wordpress\/wp-content\/uploads\/2024\/04\/JtfO_Turnen_2024-1152x1536.jpg 1152w, https:\/\/www.artland-gymnasium.de\/wordpress\/wp-content\/uploads\/2024\/04\/JtfO_Turnen_2024.jpg 1536w\" sizes=\"auto, (max-width: 768px) 100vw, 768px\" \/><figcaption class=\"wp-element-caption\">Zur Mannschaft geh\u00f6rten:<br>Mina Renze, Leana Warkentin, Melissa Glinski, Eva Robin, Amelie Lang<\/figcaption><\/figure>\n<\/div>\n\n\n<p><strong>Jugend trainiert 2023 Turnen<\/strong><br>Nach einigen Jahren Abstinenz nahmen in diesem Jahr wieder f\u00fcnf M\u00e4dels in der Disziplin Turnen teil und belegten am 07. Februar 2023 den 3. Platz. Herzlichen Gl\u00fcckwunsch!<\/p>\n\n\n\n<figure class=\"wp-block-image size-large\"><img loading=\"lazy\" decoding=\"async\" width=\"1024\" height=\"766\" src=\"https:\/\/www.artland-gymnasium.de\/wordpress\/wp-content\/uploads\/2020\/03\/JtfO_Turnen_2023_bild1-1024x766.jpg\" alt=\"\" class=\"wp-image-9921\" srcset=\"https:\/\/www.artland-gymnasium.de\/wordpress\/wp-content\/uploads\/2020\/03\/JtfO_Turnen_2023_bild1-1024x766.jpg 1024w, https:\/\/www.artland-gymnasium.de\/wordpress\/wp-content\/uploads\/2020\/03\/JtfO_Turnen_2023_bild1-300x225.jpg 300w, https:\/\/www.artland-gymnasium.de\/wordpress\/wp-content\/uploads\/2020\/03\/JtfO_Turnen_2023_bild1-768x575.jpg 768w, https:\/\/www.artland-gymnasium.de\/wordpress\/wp-content\/uploads\/2020\/03\/JtfO_Turnen_2023_bild1-600x450.jpg 600w, https:\/\/www.artland-gymnasium.de\/wordpress\/wp-content\/uploads\/2020\/03\/JtfO_Turnen_2023_bild1.jpg 1200w\" sizes=\"auto, (max-width: 1024px) 100vw, 1024px\" \/><figcaption class=\"wp-element-caption\">F\u00fcr das AGQ starteten:<br>Leana Warkentin, Mina Renze, Romi Rump, Lotta H\u00f6weler, Melissa&nbsp;Glinski<\/figcaption><\/figure>\n\n\n\nngg_shortcode_0_placeholder\n\n\n\n<p><strong>Jugend trainiert 2016 Turnen<\/strong><br>In diesem Jahr konnten wir endlich wieder einmal eine Mannschaft in der Sportart Turnen bei Jugend trainiert melden. Die f\u00fcnf M\u00e4dels erlangten in Engter\/Bramsche den 7. Platz beim Bezirksentscheid. Herzlichen Gl\u00fcckwunsch!<\/p>\n\n\n<div class=\"wp-block-image is-resized\">\n<figure class=\"aligncenter size-large\"><img decoding=\"async\" src=\"https:\/\/www.artland-gymnasium.de\/wordpress\/wp-content\/uploads\/2020\/03\/sport_jtfo_turnen_2016.jpg\" alt=\"\" class=\"wp-image-1079\"\/><figcaption class=\"wp-element-caption\">Anne Wichmann, Tabea Zielke, Tanja Lang, Louisa Dunkel, Charlotte Peters<br>Als Wettkampfrichterin war Caren Ortgies mitgefahren und als zus\u00e4tzliche Betreuerin Frau M\u00f6llmann. Vielen Dank daf\u00fcr!!<\/figcaption><\/figure>\n<\/div>\n\n\n<p>Am 25.02.2009 erreichten die Turnerinnen des AGQ beim Bezirksentscheid in Nordenham den f\u00fcnften und sechsten Platz.<\/p>\n\n\n<div class=\"wp-block-image\">\n<figure class=\"aligncenter size-large\"><img decoding=\"async\" src=\"https:\/\/www.artland-gymnasium.de\/wordpress\/wp-content\/uploads\/2020\/03\/turnfest_bezirksentscheid.jpg\" alt=\"\" class=\"wp-image-1080\"\/><\/figure>\n<\/div>","protected":false},"excerpt":{"rendered":"<p>Jugend trainiert 2024 Turnen Auch in diesem Jahr konnten wir erfreulicher Weise wieder eine Mannschaft in der WK4 im Turnen melden. Nachdem im letzten Jahr der Bezirksentscheid bei uns in<\/p>\n","protected":false},"author":3,"featured_media":0,"comment_status":"closed","ping_status":"open","sticky":false,"template":"","format":"standard","meta":{"ngg_post_thumbnail":0,"footnotes":""},"categories":[5],"tags":[],"class_list":["post-1078","post","type-post","status-publish","format-standard","hentry","category-fachgruppen","comments-off"],"_links":{"self":[{"href":"https:\/\/www.artland-gymnasium.de\/wordpress\/wp-json\/wp\/v2\/posts\/1078","targetHints":{"allow":["GET"]}}],"collection":[{"href":"https:\/\/www.artland-gymnasium.de\/wordpress\/wp-json\/wp\/v2\/posts"}],"about":[{"href":"https:\/\/www.artland-gymnasium.de\/wordpress\/wp-json\/wp\/v2\/types\/post"}],"author":[{"embeddable":true,"href":"https:\/\/www.artland-gymnasium.de\/wordpress\/wp-json\/wp\/v2\/users\/3"}],"replies":[{"embeddable":true,"href":"https:\/\/www.artland-gymnasium.de\/wordpress\/wp-json\/wp\/v2\/comments?post=1078"}],"version-history":[{"count":6,"href":"https:\/\/www.artland-gymnasium.de\/wordpress\/wp-json\/wp\/v2\/posts\/1078\/revisions"}],"predecessor-version":[{"id":10028,"href":"https:\/\/www.artland-gymnasium.de\/wordpress\/wp-json\/wp\/v2\/posts\/1078\/revisions\/10028"}],"wp:attachment":[{"href":"https:\/\/www.artland-gymnasium.de\/wordpress\/wp-json\/wp\/v2\/media?parent=1078"}],"wp:term":[{"taxonomy":"category","embeddable":true,"href":"https:\/\/www.artland-gymnasium.de\/wordpress\/wp-json\/wp\/v2\/categories?post=1078"},{"taxonomy":"post_tag","embeddable":true,"href":"https:\/\/www.artland-gymnasium.de\/wordpress\/wp-json\/wp\/v2\/tags?post=1078"}],"curies":[{"name":"wp","href":"https:\/\/api.w.org\/{rel}","templated":true}]}}