{"id":1243,"date":"2020-03-29T11:05:22","date_gmt":"2020-03-29T09:05:22","guid":{"rendered":"http:\/\/www.artland-gymnasium.de\/wordpress\/?p=1243"},"modified":"2025-08-07T19:10:35","modified_gmt":"2025-08-07T17:10:35","slug":"berufsorientierungstage","status":"publish","type":"post","link":"https:\/\/www.artland-gymnasium.de\/wordpress\/2020\/03\/29\/berufsorientierungstage\/","title":{"rendered":"Berufsorientierungstage"},"content":{"rendered":"\n<p>2017<\/p>\n\n\n\n<h2 class=\"wp-block-heading\">Der Zukunft ein St\u00fcck n\u00e4her gekommen<\/h2>\n\n\n\n<p><strong>Zwei Tage Berufsorientierung f\u00fcr den 11. Jahrgang<\/strong><\/p>\n\n\n\n<p>Die pers\u00f6nliche Berufswahlentscheidung stand am 25. und 26.09.2017 f\u00fcr alle Sch\u00fclerinnen und Sch\u00fcler auf dem Stundenplan. Referenten des Bildungswerks der nieders\u00e4chsischen Wirtschaft (BNW) erarbeiteten mit den Gruppen Antworten auf folgende Fragen:<br>&#8211; Welche Merkmale hat eine duale Berufsausbildung, ein duales Studium, ein Studium?<br>&#8211; Wie und wann bewerbe ich mich?<br>&#8211; Welche St\u00e4rken und Kompetenzen habe ich? Wie sehen andere mich?<br>&#8211; Welcher Pers\u00f6nlichkeitstyp bin ich und wie arbeite ich gut im Team?<br>Auch wurden ganz praktische Erfahrungen mit Bewerbungssituationen gesammelt. Neben einer Teilnahme an einem Assessment-Center bestand die M\u00f6glichkeit, ein Vorstellungsgespr\u00e4ch mit den Personalern Herrn Goldkamp von der Firma Graepel L\u00f6ningen GmbH und Herrn Sieverding von der Miavit GmbH, Essen zu f\u00fchren.<\/p>\n\n\n\n<p>Insgesamt haben die Jugendlichen einiges Wissenswertes \u00fcber sich und die Berufswelt erfahren sowie Anst\u00f6\u00dfe f\u00fcr die eigene Zukunftsplanung bekommen.<br>Wir danken dem BNW, Fa. Graepel und Fa. Miavit f\u00fcr ihre freundliche Unterst\u00fctzung.<\/p>\n\n\n\n<p><em>C. K\u00e4hler, Chr. Lauck<\/em><\/p>\n\n\n\nngg_shortcode_0_placeholder\n\n\n\n<hr class=\"wp-block-separator\"\/>\n\n\n\n<h2 class=\"wp-block-heading\">Unternehmensinfotag 2019<\/h2>\n\n\n\n<p><strong>Berufsorientierung vor Ort<\/strong><\/p>\n\n\n\n<p>Am Donnerstag, den 20.06.19, schw\u00e4rmte der 11. Jahrgang des Artland-Gymnasiums aus, um Unternehmen und Institutionen in Quakenbr\u00fcck zu erkunden und sich \u00fcber Ausbildungs- und Studienm\u00f6glichkeiten zu informieren. Dazu w\u00e4hlte jede Sch\u00fclerin \/ jeder Sch\u00fcler je nach pers\u00f6nlichem Interesse zwei Unternehmen aus dem Angebot aus.&nbsp;<\/p>\n\n\n\n<p>Das Artland-Gymnasium bedankt sich bei allen beteiligten Unternehmen f\u00fcr die Kooperation und die freundliche Aufnahme unserer Lerngruppen!<\/p>\n\n\n\n<p>Hier kommt eine Auswahl ihrer Eindr\u00fccke:<\/p>\n\n\n\n<p><strong>Deutsches Institut f\u00fcr Lebensmitteltechnik (DIL)<\/strong><\/p>\n\n\n\n<div class=\"wp-block-image\"><figure class=\"aligncenter size-large is-resized\"><img loading=\"lazy\" decoding=\"async\" src=\"https:\/\/www.artland-gymnasium.de\/wordpress\/wp-content\/uploads\/2020\/03\/berufsinfotag_bild_1_berusorientierung.jpg\" alt=\"\" class=\"wp-image-1254\" width=\"600\" height=\"450\"\/><\/figure><\/div>\n\n\n\n<div class=\"wp-block-image\"><figure class=\"aligncenter size-large is-resized\"><img loading=\"lazy\" decoding=\"async\" src=\"https:\/\/www.artland-gymnasium.de\/wordpress\/wp-content\/uploads\/2020\/03\/berufsinfotag_bild_2_berusorientierung.jpg\" alt=\"\" class=\"wp-image-1255\" width=\"600\" height=\"450\"\/><\/figure><\/div>\n\n\n\n<p>Beim DIL wurden wir durch die verschiedenen Abteilungen gef\u00fchrt, au\u00dferdem wurden uns verschiedenste Forschungsgebiete vorgestellt.<br>In der Maschinenhalle und verschiedenen Laboren wurden uns au\u00dferdem viele interessante Maschinen gezeigt, die dort entwickelt wurden.<\/p>\n\n\n\n<p><strong>Finanzamt Quakenbr\u00fcck<\/strong><\/p>\n\n\n\n<p>Beim Besuch des Finanzamts Quakenbr\u00fcck lernten wir die vielen verschiedenen Bereiche kennen, z.B. die Unternehmenspr\u00fcfung, und konnten so mit einigen Beamtenklischees aufr\u00e4umen. Wir haben auch erfahren, dass man beim Finanzamt sowohl eine Ausbildung absolvieren kann als auch ein duales Studium zum Finanzwirt. Insgesamt war es eine bereichernde Erfahrung f\u00fcr jeden.<\/p>\n\n\n\n<p><strong>Autohaus B 68 \/ B\u00f6cker<\/strong><\/p>\n\n\n\n<div class=\"wp-block-image\"><figure class=\"aligncenter size-large is-resized\"><img loading=\"lazy\" decoding=\"async\" src=\"https:\/\/www.artland-gymnasium.de\/wordpress\/wp-content\/uploads\/2020\/03\/berufsinfotag_bild_3_berusorientierung.jpg\" alt=\"\" class=\"wp-image-1256\" width=\"600\" height=\"450\"\/><\/figure><\/div>\n\n\n\n<div class=\"wp-block-image\"><figure class=\"aligncenter size-large is-resized\"><img loading=\"lazy\" decoding=\"async\" src=\"https:\/\/www.artland-gymnasium.de\/wordpress\/wp-content\/uploads\/2020\/03\/berufsinfotag_bild_4_berusorientierung.jpg\" alt=\"\" class=\"wp-image-1257\" width=\"600\" height=\"450\"\/><\/figure><\/div>\n\n\n\n<p>Besonders interessant beim Autohaus B 68 war, dass viele verschiedene Berufe pr\u00e4sentiert wurden. Zudem war der Vortrag, welcher netterweise von Frau B\u00f6cker gehalten wurde, sehr informativ. Auch dass wir \u00fcber Herausforderungen und M\u00f6glichkeiten des Unternehmens und der Branche h\u00f6rten, war sehr interessant.<\/p>\n\n\n\n<p><strong>Samtgemeinde Artland<\/strong><\/p>\n\n\n\n<div class=\"wp-block-image\"><figure class=\"aligncenter size-large is-resized\"><img loading=\"lazy\" decoding=\"async\" src=\"https:\/\/www.artland-gymnasium.de\/wordpress\/wp-content\/uploads\/2020\/03\/berufsinfotag_bild_5_berusorientierung.jpg\" alt=\"\" class=\"wp-image-1258\" width=\"600\" height=\"450\"\/><\/figure><\/div>\n\n\n\n<div class=\"wp-block-image\"><figure class=\"aligncenter size-large is-resized\"><img loading=\"lazy\" decoding=\"async\" src=\"https:\/\/www.artland-gymnasium.de\/wordpress\/wp-content\/uploads\/2020\/03\/berufsinfotag_bild_6_berusorientierung.jpg\" alt=\"\" class=\"wp-image-1260\" width=\"600\" height=\"450\"\/><\/figure><\/div>\n\n\n\n<p>Wir waren zu Besuch bei der Samtgemeinde Artland. Frau Stottmann f\u00fchrte uns durch verschiedene Abteilungen, wie z.B. Soziales, Bau, Verwaltung und das Ordnungsamt. Uns wurden Einblicke in alle Themenbereiche erm\u00f6glicht. Und die Mitarbeiter erkl\u00e4rten uns ihre Aufgaben und f\u00fchrten uns unter anderem in viele aktuelle Themen ein, wie z.B. die Probleme mit den Eichenprozessionsspinnern, die dringend behoben werden m\u00fcssen.<\/p>\n\n\n\n<p><strong>Bundeswehr \/ VersInstZ San Mat<\/strong><\/p>\n\n\n\n<div class=\"wp-block-image\"><figure class=\"aligncenter size-large is-resized\"><img loading=\"lazy\" decoding=\"async\" src=\"https:\/\/www.artland-gymnasium.de\/wordpress\/wp-content\/uploads\/2020\/03\/berufsinfotag_bild_7.jpg\" alt=\"\" class=\"wp-image-1265\" width=\"600\" height=\"338\"\/><\/figure><\/div>\n\n\n\n<p>Wir waren im Zuge des Unternehmensinfotages bei der Bundeswehr und es war sehr interessant. Uns wurden die vielen Facetten der Bundeswehr nahegebracht, was uns einen ganz anderen Eindruck von der Bundeswehr beschert hat.<\/p>\n\n\n\n<p><strong>PPS Pipeline Systems<\/strong><\/p>\n\n\n\n<div class=\"wp-block-image\"><figure class=\"aligncenter size-large is-resized\"><img loading=\"lazy\" decoding=\"async\" src=\"https:\/\/www.artland-gymnasium.de\/wordpress\/wp-content\/uploads\/2020\/03\/berufsinfotag_bild_8_berusorientierung.jpg\" alt=\"\" class=\"wp-image-1261\" width=\"600\" height=\"450\"\/><\/figure><\/div>\n\n\n\n<div class=\"wp-block-image\"><figure class=\"aligncenter size-large is-resized\"><img loading=\"lazy\" decoding=\"async\" src=\"https:\/\/www.artland-gymnasium.de\/wordpress\/wp-content\/uploads\/2020\/03\/berufsinfotag_bild_9_berusorientierung.jpg\" alt=\"\" class=\"wp-image-1262\" width=\"600\" height=\"450\"\/><\/figure><\/div>\n\n\n\n<p>Ich fand besonders interessant, dass man bei PPS nicht nur in Deutschland arbeitet, sondern in ganz Mitteleuropa. \u00dcberrascht haben mich auch die Auftragsvolumen: Ein gezeigtes Projekt beschrieb die Arbeit in Italien, welche einen Wert im dreistelligen Millionenbereich hatte. Die Bekanntheit eines Unternehmens, welches aus dem St\u00e4dtchen Quakenbr\u00fcck kommt, war doch sehr \u00fcberraschend.<br>Bei der Pr\u00e4sentation wurden wir auch \u00fcber Ausbildungsm\u00f6glichkeiten informiert und beim Rundgang sahen wir Maschinen, die mehrere hunderttausend Euro kosteten und hunderte Tonnen heben konnten.&nbsp;<\/p>\n\n\n\n<p><strong>Christliches Krankenhaus Quakenbr\u00fcck<\/strong><\/p>\n\n\n\n<p>Besonders interessant und hilfreich waren die Informationen \u00fcber die Ausbildung und das duale Studium Gesundheits- \/ und Krankenpflege. Au\u00dferdem war es sehr sch\u00f6n, in die verschiedenen R\u00e4ume, wie z.B. OP oder Notaufnahme, gucken zu k\u00f6nnen, in die man sonst nicht hereinkommt.&nbsp;<\/p>\n\n\n\n<p><strong>Wirtschaftsbund GmbH Steuerberatungsgesellschaft<\/strong><\/p>\n\n\n\n<div class=\"wp-block-image\"><figure class=\"aligncenter size-large\"><img decoding=\"async\" src=\"https:\/\/www.artland-gymnasium.de\/wordpress\/wp-content\/uploads\/2020\/03\/berufsinfotag_bild_10_berusorientierung.jpg\" alt=\"\" class=\"wp-image-1263\"\/><\/figure><\/div>\n\n\n\n<div class=\"wp-block-image\"><figure class=\"aligncenter size-large is-resized\"><img loading=\"lazy\" decoding=\"async\" src=\"https:\/\/www.artland-gymnasium.de\/wordpress\/wp-content\/uploads\/2020\/03\/berufsinfotag_bild_11_berusorientierung.jpg\" alt=\"\" class=\"wp-image-1264\" width=\"600\" height=\"338\"\/><\/figure><\/div>\n\n\n\n<p>Wir waren beim Wirtschaftsbund, einer Steuerberatergesellschaft. Dort wurden wir freundlich empfangen und sogar mit Getr\u00e4nken und S\u00fc\u00dfem verpflegt. Sehr informativ war die Pr\u00e4sentation \u00fcber m\u00f6gliche Berufe, wie z.B. Steuerfachangestellte oder Steuerberater, und welche Ausbildungs- oder Studieng\u00e4nge dazu n\u00f6tig sind. Vorher hatte ich gar keine Vorstellung davon, was Wirtschaftspr\u00fcfer oder Steuerberater so machen, jetzt habe ich einen viel besseren Einblick in diese Berufswelt.&nbsp;<\/p>\n\n\n\n<p><strong>Wirtschaftsbund GmbH Steuerberatungsgesellschaft<\/strong><\/p>\n\n\n\n<p>Der Besuch des St. Sylvesterstifts war in vielerlei Hinsicht interessant. Am Anfang wurden wir \u00fcber verschiedene Ausbildungsm\u00f6glichkeiten, z.B. Altenpflege, informiert. Es wurde uns auch \u00fcber Altenheime allgemein berichtet und \u00fcber die Entwicklungen und Ver\u00e4nderungen, die in letzter Zeit durchgef\u00fchrt wurden.<br>Anschlie\u00dfend wurden uns die Struktur und die verschiedenen Bereiche des Unternehmens gezeigt. Wir hatten auch Gelegenheit zu sehen, wie die R\u00e4ume ausgestaltet wurden.&nbsp;<br>Interessant war, wie jeder Bewohner sein Zimmer gestalten konnte und wie alle miteinander umgegangen sind. Die Atmosph\u00e4re war entspannt und friedlich und man hatte nicht den Eindruck, in einem Altenheim zu sein. Tats\u00e4chlich konnte man in den Augen der Menschen sehen, dass sie sich wohl f\u00fchlten, da zu sein.<br>Dank des Besuchs haben wir einen Eindruck vom Leben in einem Altenheim bekommen und konnten verstehen, wie viel Arbeit dahintersteckt, einen Menschen gl\u00fccklich zu machen, der seinen Alltag nicht mehr ohne Hilfe meistern kann.<\/p>\n","protected":false},"excerpt":{"rendered":"<p>2017 Der Zukunft ein St\u00fcck n\u00e4her gekommen Zwei Tage Berufsorientierung f\u00fcr den 11. Jahrgang Die pers\u00f6nliche Berufswahlentscheidung stand am 25. und 26.09.2017 f\u00fcr alle Sch\u00fclerinnen und Sch\u00fcler auf dem Stundenplan.<\/p>\n","protected":false},"author":3,"featured_media":0,"comment_status":"closed","ping_status":"open","sticky":false,"template":"","format":"standard","meta":{"ngg_post_thumbnail":0,"footnotes":""},"categories":[1],"tags":[],"class_list":["post-1243","post","type-post","status-publish","format-standard","hentry","category-allgemein","comments-off"],"_links":{"self":[{"href":"https:\/\/www.artland-gymnasium.de\/wordpress\/wp-json\/wp\/v2\/posts\/1243","targetHints":{"allow":["GET"]}}],"collection":[{"href":"https:\/\/www.artland-gymnasium.de\/wordpress\/wp-json\/wp\/v2\/posts"}],"about":[{"href":"https:\/\/www.artland-gymnasium.de\/wordpress\/wp-json\/wp\/v2\/types\/post"}],"author":[{"embeddable":true,"href":"https:\/\/www.artland-gymnasium.de\/wordpress\/wp-json\/wp\/v2\/users\/3"}],"replies":[{"embeddable":true,"href":"https:\/\/www.artland-gymnasium.de\/wordpress\/wp-json\/wp\/v2\/comments?post=1243"}],"version-history":[{"count":2,"href":"https:\/\/www.artland-gymnasium.de\/wordpress\/wp-json\/wp\/v2\/posts\/1243\/revisions"}],"predecessor-version":[{"id":1266,"href":"https:\/\/www.artland-gymnasium.de\/wordpress\/wp-json\/wp\/v2\/posts\/1243\/revisions\/1266"}],"wp:attachment":[{"href":"https:\/\/www.artland-gymnasium.de\/wordpress\/wp-json\/wp\/v2\/media?parent=1243"}],"wp:term":[{"taxonomy":"category","embeddable":true,"href":"https:\/\/www.artland-gymnasium.de\/wordpress\/wp-json\/wp\/v2\/categories?post=1243"},{"taxonomy":"post_tag","embeddable":true,"href":"https:\/\/www.artland-gymnasium.de\/wordpress\/wp-json\/wp\/v2\/tags?post=1243"}],"curies":[{"name":"wp","href":"https:\/\/api.w.org\/{rel}","templated":true}]}}