{"id":1267,"date":"2020-03-29T11:18:04","date_gmt":"2020-03-29T09:18:04","guid":{"rendered":"http:\/\/www.artland-gymnasium.de\/wordpress\/?p=1267"},"modified":"2025-08-07T19:10:35","modified_gmt":"2025-08-07T17:10:35","slug":"hochschulinformationstag","status":"publish","type":"post","link":"https:\/\/www.artland-gymnasium.de\/wordpress\/2020\/03\/29\/hochschulinformationstag\/","title":{"rendered":"Hochschulinformationstag"},"content":{"rendered":"\n<p>2018 <\/p>\n\n\n\n<p><strong>Jahrgang 11 besucht HIT der Universit\u00e4t Osnabr\u00fcck<\/strong><\/p>\n\n\n\n<div class=\"wp-block-image\"><figure class=\"aligncenter size-large is-resized\"><img loading=\"lazy\" decoding=\"async\" src=\"https:\/\/www.artland-gymnasium.de\/wordpress\/wp-content\/uploads\/2020\/03\/hit_2018_bild2_berufsorientierung.jpg\" alt=\"\" class=\"wp-image-1269\" width=\"600\" height=\"450\"\/><\/figure><\/div>\n\n\n\n<div class=\"wp-block-image\"><figure class=\"aligncenter size-large is-resized\"><img loading=\"lazy\" decoding=\"async\" src=\"https:\/\/www.artland-gymnasium.de\/wordpress\/wp-content\/uploads\/2020\/03\/hit_2018_bild1_berufsorientierung.jpg\" alt=\"\" class=\"wp-image-1268\" width=\"600\" height=\"450\"\/><\/figure><\/div>\n\n\n\n<p>Cognitive Science, Soziologie, Umweltsystemwissenschaft oder Wirtschaftsinformatik: Welches Fach darf es denn sein?<br>Am 26. Juni besuchte der Q1-Jahrgang den Hochschulinformationstag der Universit\u00e4t und der Hochschule Osnabr\u00fcck.<br>Gut 90 Sch\u00fclerinnen und Sch\u00fcler machten sich bei bestem Wetter zusammen mit Frau K\u00e4hler, Frau Radermacher, Frau Holzbecher und Frau Lauck auf, um in die unz\u00e4hligen Studienangebote hineinzuschnuppern. Dazu stellte sich jede\/r ein individuelles Tagesprogramm zusammen und belegte interessante Veranstaltungen aus dem riesigen Angebot der Uni. Die Lehrerinnen besuchten auch das Multiplikatorencaf\u00e9. Dort bekamen sie kompakte Informationen zum Studienangebot, zum Aufbau und Schwerpunkten der Studieng\u00e4nge.<br>Etwas schlauer und reichlich durchgeschwitzt \u00fcberlegten sich die Sch\u00fclerinnen und Sch\u00fcler schon auf dem R\u00fcckweg ihre weiteren Schritte in Richtung Berufsfindung und evaluierten die Veranstaltung.\u00a0<\/p>\n","protected":false},"excerpt":{"rendered":"<p>2018 Jahrgang 11 besucht HIT der Universit\u00e4t Osnabr\u00fcck Cognitive Science, Soziologie, Umweltsystemwissenschaft oder Wirtschaftsinformatik: Welches Fach darf es denn sein?Am 26. Juni besuchte der Q1-Jahrgang den Hochschulinformationstag der Universit\u00e4t und<\/p>\n","protected":false},"author":3,"featured_media":0,"comment_status":"closed","ping_status":"open","sticky":false,"template":"","format":"standard","meta":{"ngg_post_thumbnail":0,"footnotes":""},"categories":[1],"tags":[],"class_list":["post-1267","post","type-post","status-publish","format-standard","hentry","category-allgemein","comments-off"],"_links":{"self":[{"href":"https:\/\/www.artland-gymnasium.de\/wordpress\/wp-json\/wp\/v2\/posts\/1267","targetHints":{"allow":["GET"]}}],"collection":[{"href":"https:\/\/www.artland-gymnasium.de\/wordpress\/wp-json\/wp\/v2\/posts"}],"about":[{"href":"https:\/\/www.artland-gymnasium.de\/wordpress\/wp-json\/wp\/v2\/types\/post"}],"author":[{"embeddable":true,"href":"https:\/\/www.artland-gymnasium.de\/wordpress\/wp-json\/wp\/v2\/users\/3"}],"replies":[{"embeddable":true,"href":"https:\/\/www.artland-gymnasium.de\/wordpress\/wp-json\/wp\/v2\/comments?post=1267"}],"version-history":[{"count":1,"href":"https:\/\/www.artland-gymnasium.de\/wordpress\/wp-json\/wp\/v2\/posts\/1267\/revisions"}],"predecessor-version":[{"id":1270,"href":"https:\/\/www.artland-gymnasium.de\/wordpress\/wp-json\/wp\/v2\/posts\/1267\/revisions\/1270"}],"wp:attachment":[{"href":"https:\/\/www.artland-gymnasium.de\/wordpress\/wp-json\/wp\/v2\/media?parent=1267"}],"wp:term":[{"taxonomy":"category","embeddable":true,"href":"https:\/\/www.artland-gymnasium.de\/wordpress\/wp-json\/wp\/v2\/categories?post=1267"},{"taxonomy":"post_tag","embeddable":true,"href":"https:\/\/www.artland-gymnasium.de\/wordpress\/wp-json\/wp\/v2\/tags?post=1267"}],"curies":[{"name":"wp","href":"https:\/\/api.w.org\/{rel}","templated":true}]}}