{"id":1373,"date":"2023-08-20T17:14:31","date_gmt":"2023-08-20T15:14:31","guid":{"rendered":"http:\/\/www.artland-gymnasium.de\/wordpress\/?p=1373"},"modified":"2026-08-13T09:14:23","modified_gmt":"2026-08-13T07:14:23","slug":"arbeitsgemeinschaften-am-agq","status":"publish","type":"post","link":"https:\/\/www.artland-gymnasium.de\/wordpress\/2023\/08\/20\/arbeitsgemeinschaften-am-agq\/","title":{"rendered":"Arbeitsgemeinschaften am AGQ"},"content":{"rendered":"\n<p>Das AGQ versteht sich nicht nur als Ort des gemeinsamen unterrichtlichen Lernens, sondern m\u00f6chte mit seinen zahlreichen AG-Angeboten den Sch\u00fclerinnen und Sch\u00fclern die Gelegenheit geben, pers\u00f6nliche Begabungen und Interessen gemeinsam mit Gleichgesinnten nachzugehen. <\/p>\n\n\n\n<p>Die Anmeldung erfolgt bei der AG-Leiterin bzw. dem AG-Leiter. Es werden die Namen der Sch\u00fcler*innen in eine Liste eingetragen, sodass eine schriftliche Anmeldung nicht erforderlich ist. Mit der Aufnahme der AG gilt die Anmeldung verbindlich f\u00fcr ein halbes Jahr. <\/p>\n\n\n\n<p>Eine Zusammenstellung der Arbeitsgemeinschaften, die in der Schule angeboten werden, <br>finden Sie hier:<\/p>\n\n\n\n<p><strong>Arbeitsgemeinschaften 2026\/2027<\/strong><\/p>\n\n\n\n<figure class=\"wp-block-table\"><table class=\"has-fixed-layout\"><tbody><tr><td><strong>AG<\/strong><strong><\/strong><\/td><td><strong>AG-Leiter<\/strong><strong><\/strong><\/td><td><strong>Tag<\/strong><strong><\/strong><\/td><td><strong>Zeit<\/strong><strong><\/strong><\/td><td><strong>Ort<\/strong><strong><\/strong><\/td><td><strong>Wer?<\/strong><strong><\/strong><\/td><td><strong>erster Termin<\/strong><strong><\/strong><\/td><\/tr><tr><td><strong>Akrobatik<\/strong><\/td><td>Fr. Mee\u00dfmann<\/td><td>Di<\/td><td>7.\/8.Std. <br>14-t\u00e4gig<\/td><td>TH<\/td><td>Jg.5-7<\/td><td>25.08.2026<\/td><\/tr><tr><td><strong>Basketball<\/strong><\/td><td>Leiter durch die Artland-Dragons<\/td><td>Mo<\/td><td>7.\/8.Std.<\/td><td>TH<\/td><td>Jg.5-7<\/td><td>24.08.2026<\/td><\/tr><tr><td><strong>Cello<\/strong><\/td><td>Fr. Vogt<\/td><td>Di<\/td><td>7.Std.<\/td><td>Streicher-raum<\/td><td>Jg.8<\/td><td>25.08.2026<\/td><\/tr><tr><td><strong>DELF A1<\/strong><\/td><td>Hr. Wolting<\/td><td>Do<\/td><td>7.Std.<\/td><td>Raum 31<\/td><td>Jg.7-8<\/td><td>27.08.2026<\/td><\/tr><tr><td><strong>Einblicke<\/strong><\/td><td>Fr. Schott<\/td><td>nach Absprache<\/td><td>nach Absprache<\/td><td>Raum 12<\/td><td>Jg.9-13<\/td><td>28.08.2026 7.Std.<\/td><\/tr><tr><td><strong>Imker<\/strong><\/td><td>Hr. Bakker<\/td><td>Di<\/td><td>7.\/8.Std. <br>14-t\u00e4gig<\/td><td>B1<\/td><td>Jg.5+6<\/td><td>25.08.2026<\/td><\/tr><tr><td><strong>Kanu<\/strong><\/td><td>Hr. Ahmann<\/td><td>Di<\/td><td>7.\/8.Std.<\/td><td>Bootshaus<\/td><td>Jg.7-13<\/td><td>25.08.2026<\/td><\/tr><tr><td><strong>Kreativ<\/strong><\/td><td>Fr. Attermeyer<\/td><td>Mi<\/td><td>7.\/8.Std. <br>14-t\u00e4gig<\/td><td>Raum 45<\/td><td>Jg.5-6<\/td><td>26.08.2026<\/td><\/tr><tr><td><strong>Lesescouts<\/strong><\/td><td>Fr. Korfhage-Nacke<\/td><td>Mo<\/td><td>7.\/8.Std.<br>14-t\u00e4gig<\/td><td>Jugend-bibliothek<\/td><td>Jg.6+7<\/td><td>24.08.2026<\/td><\/tr><tr><td><strong>Medien-scouts<\/strong><\/td><td>Fr. Attermeyer<\/td><td>Mo<\/td><td>7.\/8.Std.<\/td><td>Raum 04<\/td><td>Jg.8-9 + Medien-scouts<\/td><td>24.08.2026<\/td><\/tr><tr><td><strong>MINT<\/strong><\/td><td>Hr. Herrmann<\/td><td>Mi<\/td><td>13.30 -14.30 Uhr<\/td><td>Werkraum<\/td><td>Jg.7-13<\/td><td>26.08.2026<\/td><\/tr><tr><td><strong>Mofa<\/strong><\/td><td>Fr. Barwig<\/td><td>Di<\/td><td>7.\/8.Std.<br>14-t\u00e4gig<\/td><td>Raum 15<\/td><td>Jg.9 15 Jahre bis 31.07.2027<\/td><td>25.08.2026<\/td><\/tr><tr><td><strong>Orchester<\/strong> <strong>\u201ePop goes Orchestra\u201c<\/strong><\/td><td>Fr. Krull<\/td><td>Do<\/td><td>7.\/8.Std.<\/td><td>M1<\/td><td>Jg.5-13 mit Instrument<\/td><td>27.08.2026<\/td><\/tr><tr><td><strong>Podcast\/Technik<\/strong><\/td><td>Hr. Bense<\/td><td>Mo<\/td><td>9.\/10.Std.<\/td><td>Tonstudio<\/td><td>nach Absprache<\/td><td>24.08.2026<\/td><\/tr><tr><td><strong>Pop-Chor<\/strong><\/td><td>Hr. Steiner<\/td><td>Mo<\/td><td>7.Std.<\/td><td>Streicher-raum<\/td><td>Jg.7-13<\/td><td>24.08.2026<\/td><\/tr><tr><td><strong>Robotik<\/strong><\/td><td>Hr. Peters<\/td><td>Mo<\/td><td>7.\/8.Std.<\/td><td>Pc oben<\/td><td>Jg.7-13<\/td><td>24.08.2026<\/td><\/tr><tr><td><strong>Schach<\/strong><\/td><td>Hr. Laux<\/td><td>Do<\/td><td>7.Std.<\/td><td>Raum 25<\/td><td>Jg.5-9<\/td><td>27.08.2026<\/td><\/tr><tr><td><strong>Schulsanit\u00e4ts-<\/strong> <strong>dienst<\/strong><\/td><td>Hr. Bakker<\/td><td>Di<\/td><td>7.\/8.Std. <br>14-t\u00e4gig<\/td><td>07<\/td><td>Jg.9-13<\/td><td>01.09.2026<\/td><\/tr><tr><td><strong>Sport-Talentf\u00f6rderung<\/strong><\/td><td>Hr. Watermann<\/td><td>Do<\/td><td>7.\/8.Std.<\/td><td>TH<\/td><td>Jg. 5+6<\/td><td>04.02.2027 2. Halbjahr<\/td><\/tr><tr><td><strong>Theater<\/strong><\/td><td>Fr. Feldhaus, Hr. Kleinsorge<\/td><td>Mi<\/td><td>9.\/10.Std.<\/td><td>Aula<\/td><td>Jg.9-12<\/td><td>26.08.2026<\/td><\/tr><tr><td><strong>3D-Druck<\/strong><\/td><td>Hr. Lager<\/td><td>Di<\/td><td>7.\/8.Std.<\/td><td>PC oben<\/td><td>Jg.7-13<\/td><td>27.10.2026<\/td><\/tr><\/tbody><\/table><\/figure>\n\n\n\n<p><strong>Die Sch\u00fclerinnen und Sch\u00fcler kommen direkt zum ersten Treffen der AG.<\/strong><\/p>\n\n\n\n<p><strong>Eine vorherige Anmeldung ist <u>nicht<\/u> erforderlich.<\/strong><\/p>\n","protected":false},"excerpt":{"rendered":"<p>Das AGQ versteht sich nicht nur als Ort des gemeinsamen unterrichtlichen Lernens, sondern m\u00f6chte mit seinen zahlreichen AG-Angeboten den Sch\u00fclerinnen und Sch\u00fclern die Gelegenheit geben, pers\u00f6nliche Begabungen und Interessen gemeinsam<\/p>\n","protected":false},"author":3,"featured_media":0,"comment_status":"closed","ping_status":"open","sticky":false,"template":"","format":"standard","meta":{"ngg_post_thumbnail":0,"footnotes":""},"categories":[1,9],"tags":[],"class_list":["post-1373","post","type-post","status-publish","format-standard","hentry","category-allgemein","category-arbeitsgemeinschaften","comments-off"],"_links":{"self":[{"href":"https:\/\/www.artland-gymnasium.de\/wordpress\/wp-json\/wp\/v2\/posts\/1373","targetHints":{"allow":["GET"]}}],"collection":[{"href":"https:\/\/www.artland-gymnasium.de\/wordpress\/wp-json\/wp\/v2\/posts"}],"about":[{"href":"https:\/\/www.artland-gymnasium.de\/wordpress\/wp-json\/wp\/v2\/types\/post"}],"author":[{"embeddable":true,"href":"https:\/\/www.artland-gymnasium.de\/wordpress\/wp-json\/wp\/v2\/users\/3"}],"replies":[{"embeddable":true,"href":"https:\/\/www.artland-gymnasium.de\/wordpress\/wp-json\/wp\/v2\/comments?post=1373"}],"version-history":[{"count":19,"href":"https:\/\/www.artland-gymnasium.de\/wordpress\/wp-json\/wp\/v2\/posts\/1373\/revisions"}],"predecessor-version":[{"id":16872,"href":"https:\/\/www.artland-gymnasium.de\/wordpress\/wp-json\/wp\/v2\/posts\/1373\/revisions\/16872"}],"wp:attachment":[{"href":"https:\/\/www.artland-gymnasium.de\/wordpress\/wp-json\/wp\/v2\/media?parent=1373"}],"wp:term":[{"taxonomy":"category","embeddable":true,"href":"https:\/\/www.artland-gymnasium.de\/wordpress\/wp-json\/wp\/v2\/categories?post=1373"},{"taxonomy":"post_tag","embeddable":true,"href":"https:\/\/www.artland-gymnasium.de\/wordpress\/wp-json\/wp\/v2\/tags?post=1373"}],"curies":[{"name":"wp","href":"https:\/\/api.w.org\/{rel}","templated":true}]}}