{"id":14352,"date":"2024-08-27T07:47:14","date_gmt":"2024-08-27T05:47:14","guid":{"rendered":"https:\/\/www.artland-gymnasium.de\/wordpress\/?p=14352"},"modified":"2025-08-07T19:06:49","modified_gmt":"2025-08-07T17:06:49","slug":"felicitations-uebergabe-der-delf-zertifikate","status":"publish","type":"post","link":"https:\/\/www.artland-gymnasium.de\/wordpress\/2024\/08\/27\/felicitations-uebergabe-der-delf-zertifikate\/","title":{"rendered":"F\u00e9licitations! \u00dcbergabe der Delf-Zertifikate\u00a0"},"content":{"rendered":"\n<p>Ein Jahr lang haben sie sich vorbereitet und ge\u00fcbt, am Freitag konnten sie strahlend ihre Delf-Zertifikate entgegennehmen: Neun Sch\u00fclerinnen und Sch\u00fclern aus der 8. Klasse und drei Sch\u00fclerinnen aus dem 11. Jahrgang wurden am Freitag, den 16. August ihre Delf-Zertifikate \u00fcberreicht. W\u00e4hrend des gesamten letzten Schuljahres haben sich die Sch\u00fclerinnen und Sch\u00fcler im Rahmen einer AG auf die Pr\u00fcfungen, die im Juni dieses Jahres in Osnabr\u00fcck stattfanden, vorbereitet. Delf ist ein weltweit anerkanntes und unbefristet g\u00fcltiges Sprachzertifikat, mit dem man seinen Fortschritt im Franz\u00f6sischen nachweisen kann und so einen Vorteil f\u00fcr viele Situationen, z.B. Studium, Praktika, Beruf, hat. Die Sch\u00fclerinnen und Sch\u00fcler mussten ihre Fertigkeiten im Bereich des H\u00f6rverstehens, Leseverstehens, Schreibens und auch in einer m\u00fcndlichen Pr\u00fcfung unter Beweis stellen. Das Zertifikat kann in unterschiedlichen Niveaus abgelegt werden: A1 wird nach ein bis zwei Lernjahren erreicht und wurde von den Sch\u00fclerinnen und Sch\u00fclern der 8. Klasse erlangt, w\u00e4hrend die Sch\u00fclerinnen aus dem 11. Jahrgang das Niveau B1 (nach 5 Lernjahren) erreicht haben. Wir freuen uns sehr dar\u00fcber, dass alle angemeldeten Sch\u00fclerinnen und Sch\u00fcler bestanden haben und auch sehr hohe Punktzahlen erreicht haben.&nbsp;<\/p>\n\n\n\n<figure class=\"wp-block-image size-large\"><img loading=\"lazy\" decoding=\"async\" width=\"1024\" height=\"683\" src=\"https:\/\/www.artland-gymnasium.de\/wordpress\/wp-content\/uploads\/2024\/08\/2024_Foto-Delf-1024x683.jpg\" alt=\"\" class=\"wp-image-14353\" srcset=\"https:\/\/www.artland-gymnasium.de\/wordpress\/wp-content\/uploads\/2024\/08\/2024_Foto-Delf-1024x683.jpg 1024w, https:\/\/www.artland-gymnasium.de\/wordpress\/wp-content\/uploads\/2024\/08\/2024_Foto-Delf-300x200.jpg 300w, https:\/\/www.artland-gymnasium.de\/wordpress\/wp-content\/uploads\/2024\/08\/2024_Foto-Delf-768x512.jpg 768w, https:\/\/www.artland-gymnasium.de\/wordpress\/wp-content\/uploads\/2024\/08\/2024_Foto-Delf-600x400.jpg 600w, https:\/\/www.artland-gymnasium.de\/wordpress\/wp-content\/uploads\/2024\/08\/2024_Foto-Delf.jpg 1200w\" sizes=\"auto, (max-width: 1024px) 100vw, 1024px\" \/><\/figure>\n","protected":false},"excerpt":{"rendered":"<p>Ein Jahr lang haben sie sich vorbereitet und ge\u00fcbt, am Freitag konnten sie strahlend ihre Delf-Zertifikate entgegennehmen: Neun Sch\u00fclerinnen und Sch\u00fclern aus der 8. Klasse und drei Sch\u00fclerinnen aus dem<\/p>\n","protected":false},"author":3,"featured_media":14353,"comment_status":"closed","ping_status":"open","sticky":false,"template":"","format":"standard","meta":{"ngg_post_thumbnail":0,"footnotes":""},"categories":[8],"tags":[],"class_list":["post-14352","post","type-post","status-publish","format-standard","has-post-thumbnail","hentry","category-aktuelles","comments-off"],"_links":{"self":[{"href":"https:\/\/www.artland-gymnasium.de\/wordpress\/wp-json\/wp\/v2\/posts\/14352","targetHints":{"allow":["GET"]}}],"collection":[{"href":"https:\/\/www.artland-gymnasium.de\/wordpress\/wp-json\/wp\/v2\/posts"}],"about":[{"href":"https:\/\/www.artland-gymnasium.de\/wordpress\/wp-json\/wp\/v2\/types\/post"}],"author":[{"embeddable":true,"href":"https:\/\/www.artland-gymnasium.de\/wordpress\/wp-json\/wp\/v2\/users\/3"}],"replies":[{"embeddable":true,"href":"https:\/\/www.artland-gymnasium.de\/wordpress\/wp-json\/wp\/v2\/comments?post=14352"}],"version-history":[{"count":1,"href":"https:\/\/www.artland-gymnasium.de\/wordpress\/wp-json\/wp\/v2\/posts\/14352\/revisions"}],"predecessor-version":[{"id":14354,"href":"https:\/\/www.artland-gymnasium.de\/wordpress\/wp-json\/wp\/v2\/posts\/14352\/revisions\/14354"}],"wp:featuredmedia":[{"embeddable":true,"href":"https:\/\/www.artland-gymnasium.de\/wordpress\/wp-json\/wp\/v2\/media\/14353"}],"wp:attachment":[{"href":"https:\/\/www.artland-gymnasium.de\/wordpress\/wp-json\/wp\/v2\/media?parent=14352"}],"wp:term":[{"taxonomy":"category","embeddable":true,"href":"https:\/\/www.artland-gymnasium.de\/wordpress\/wp-json\/wp\/v2\/categories?post=14352"},{"taxonomy":"post_tag","embeddable":true,"href":"https:\/\/www.artland-gymnasium.de\/wordpress\/wp-json\/wp\/v2\/tags?post=14352"}],"curies":[{"name":"wp","href":"https:\/\/api.w.org\/{rel}","templated":true}]}}