{"id":14433,"date":"2024-11-10T09:30:31","date_gmt":"2024-11-10T08:30:31","guid":{"rendered":"https:\/\/www.artland-gymnasium.de\/wordpress\/?p=14433"},"modified":"2025-08-07T19:06:49","modified_gmt":"2025-08-07T17:06:49","slug":"das-agq-ist-weiterhin-europaschule-in-niedersachsen","status":"publish","type":"post","link":"https:\/\/www.artland-gymnasium.de\/wordpress\/2024\/11\/10\/das-agq-ist-weiterhin-europaschule-in-niedersachsen\/","title":{"rendered":"Das AGQ ist weiterhin \u201eEuropaschule in Niedersachsen\u201c"},"content":{"rendered":"\n<div class=\"wp-block-columns is-layout-flex wp-container-core-columns-is-layout-9d6595d7 wp-block-columns-is-layout-flex\">\n<div class=\"wp-block-column is-vertically-aligned-center is-layout-flow wp-block-column-is-layout-flow\">\n<figure class=\"wp-block-image size-large\"><img loading=\"lazy\" decoding=\"async\" width=\"1024\" height=\"357\" src=\"https:\/\/www.artland-gymnasium.de\/wordpress\/wp-content\/uploads\/2024\/09\/Europaschule_Logo_2024-1024x357.jpg\" alt=\"\" class=\"wp-image-14434\" srcset=\"https:\/\/www.artland-gymnasium.de\/wordpress\/wp-content\/uploads\/2024\/09\/Europaschule_Logo_2024-1024x357.jpg 1024w, https:\/\/www.artland-gymnasium.de\/wordpress\/wp-content\/uploads\/2024\/09\/Europaschule_Logo_2024-300x105.jpg 300w, https:\/\/www.artland-gymnasium.de\/wordpress\/wp-content\/uploads\/2024\/09\/Europaschule_Logo_2024-768x268.jpg 768w, https:\/\/www.artland-gymnasium.de\/wordpress\/wp-content\/uploads\/2024\/09\/Europaschule_Logo_2024.jpg 1227w\" sizes=\"auto, (max-width: 1024px) 100vw, 1024px\" \/><\/figure>\n<\/div>\n\n\n\n<div class=\"wp-block-column is-layout-flow wp-block-column-is-layout-flow\">\n<p>Das Artland-Gymnasium darf f\u00fcr weitere f\u00fcnf Jahre das Qualit\u00e4tssiegel \u201eEuropaschule in Niedersachsen\u201c f\u00fchren. In einer feierlichen Zeremonie im Friedenssaal des historischen Rathauses in Osnabr\u00fcck f\u00fcr etwa 30 Schulen aus dem westlichen Niedersachsen haben Herr Keppler und Herr Wolting als Europabeauftragter die Rezertifizierung entgegennehmen d\u00fcrfen.<\/p>\n<\/div>\n<\/div>\n\n\n\n<p>Europaschulen in Niedersachsen vermitteln ihren Sch\u00fclerinnen und Sch\u00fclern ein umfassendes Wissen \u00fcber Europa und tragen zur St\u00e4rkung der gemeinsamen europ\u00e4ischen Grundwerte und zum Verst\u00e4ndnis f\u00fcr die europ\u00e4ische Kultur und Vielfalt bei. Sie bieten ihren Sch\u00fclerinnen und Sch\u00fclern vielf\u00e4ltige M\u00f6glichkeiten, Europakompetenzen zu entwickeln und bereiten damit auf das Leben und Arbeiten in Europa vor. Europaschulen in Niedersachsen haben das Ziel, Kenntnisse \u00fcber Europa und europ\u00e4ische Institutionen zu f\u00f6rdern, die aktive Teilhabe an der Unionsb\u00fcrgerschaft sowie die Mehrsprachigkeit zu st\u00e4rken und in besonderem Ma\u00dfe die Entwicklung interkultureller Kompetenzen und Demokratiekompetenzen zu erm\u00f6glichen und zu unterst\u00fctzen. Wir freuen uns sehr, vor allem in heutigen Zeiten weiterhin f\u00fcr die europ\u00e4ischen Ideale und Werte einzustehen und diese in unserem Schulalltag zu leben.<\/p>\n\n\n\n<p>Andreas Wolting<\/p>\n\n\n\n<figure class=\"wp-block-image size-large\"><img loading=\"lazy\" decoding=\"async\" width=\"1024\" height=\"683\" src=\"https:\/\/www.artland-gymnasium.de\/wordpress\/wp-content\/uploads\/2024\/09\/Bild_Europapreisverleihung-1024x683.jpg\" alt=\"\" class=\"wp-image-14435\" srcset=\"https:\/\/www.artland-gymnasium.de\/wordpress\/wp-content\/uploads\/2024\/09\/Bild_Europapreisverleihung-1024x683.jpg 1024w, https:\/\/www.artland-gymnasium.de\/wordpress\/wp-content\/uploads\/2024\/09\/Bild_Europapreisverleihung-300x200.jpg 300w, https:\/\/www.artland-gymnasium.de\/wordpress\/wp-content\/uploads\/2024\/09\/Bild_Europapreisverleihung-768x512.jpg 768w, https:\/\/www.artland-gymnasium.de\/wordpress\/wp-content\/uploads\/2024\/09\/Bild_Europapreisverleihung-600x400.jpg 600w, https:\/\/www.artland-gymnasium.de\/wordpress\/wp-content\/uploads\/2024\/09\/Bild_Europapreisverleihung.jpg 1200w\" sizes=\"auto, (max-width: 1024px) 100vw, 1024px\" \/><\/figure>\n","protected":false},"excerpt":{"rendered":"<p>Das Artland-Gymnasium darf f\u00fcr weitere f\u00fcnf Jahre das Qualit\u00e4tssiegel \u201eEuropaschule in Niedersachsen\u201c f\u00fchren. In einer feierlichen Zeremonie im Friedenssaal des historischen Rathauses in Osnabr\u00fcck f\u00fcr etwa 30 Schulen aus dem<\/p>\n","protected":false},"author":3,"featured_media":14434,"comment_status":"closed","ping_status":"open","sticky":false,"template":"","format":"standard","meta":{"ngg_post_thumbnail":0,"footnotes":""},"categories":[8],"tags":[],"class_list":["post-14433","post","type-post","status-publish","format-standard","has-post-thumbnail","hentry","category-aktuelles","comments-off"],"_links":{"self":[{"href":"https:\/\/www.artland-gymnasium.de\/wordpress\/wp-json\/wp\/v2\/posts\/14433","targetHints":{"allow":["GET"]}}],"collection":[{"href":"https:\/\/www.artland-gymnasium.de\/wordpress\/wp-json\/wp\/v2\/posts"}],"about":[{"href":"https:\/\/www.artland-gymnasium.de\/wordpress\/wp-json\/wp\/v2\/types\/post"}],"author":[{"embeddable":true,"href":"https:\/\/www.artland-gymnasium.de\/wordpress\/wp-json\/wp\/v2\/users\/3"}],"replies":[{"embeddable":true,"href":"https:\/\/www.artland-gymnasium.de\/wordpress\/wp-json\/wp\/v2\/comments?post=14433"}],"version-history":[{"count":1,"href":"https:\/\/www.artland-gymnasium.de\/wordpress\/wp-json\/wp\/v2\/posts\/14433\/revisions"}],"predecessor-version":[{"id":14436,"href":"https:\/\/www.artland-gymnasium.de\/wordpress\/wp-json\/wp\/v2\/posts\/14433\/revisions\/14436"}],"wp:featuredmedia":[{"embeddable":true,"href":"https:\/\/www.artland-gymnasium.de\/wordpress\/wp-json\/wp\/v2\/media\/14434"}],"wp:attachment":[{"href":"https:\/\/www.artland-gymnasium.de\/wordpress\/wp-json\/wp\/v2\/media?parent=14433"}],"wp:term":[{"taxonomy":"category","embeddable":true,"href":"https:\/\/www.artland-gymnasium.de\/wordpress\/wp-json\/wp\/v2\/categories?post=14433"},{"taxonomy":"post_tag","embeddable":true,"href":"https:\/\/www.artland-gymnasium.de\/wordpress\/wp-json\/wp\/v2\/tags?post=14433"}],"curies":[{"name":"wp","href":"https:\/\/api.w.org\/{rel}","templated":true}]}}