{"id":14616,"date":"2024-11-21T09:07:39","date_gmt":"2024-11-21T08:07:39","guid":{"rendered":"https:\/\/www.artland-gymnasium.de\/wordpress\/?p=14616"},"modified":"2025-08-07T19:06:33","modified_gmt":"2025-08-07T17:06:33","slug":"mitgestaltung-des-volkstrauertags-durch-das-agq","status":"publish","type":"post","link":"https:\/\/www.artland-gymnasium.de\/wordpress\/2024\/11\/21\/mitgestaltung-des-volkstrauertags-durch-das-agq\/","title":{"rendered":"Mitgestaltung des Volkstrauertags durch das AGQ"},"content":{"rendered":"\n<p>Am 17. November 2024 versammelten sich die B\u00fcrgerinnen und B\u00fcrger Quakenbr\u00fccks am Ehrenhain, um im Rahmen des Volkstrauertags im Beisein der B\u00fcrgermeisterin T\u00fclay Tsolak der Opfer beider Weltkriege zu gedenken. Die Veranstaltung wurde von einer bewegenden Darbietung der Sch\u00fclerinnen und Sch\u00fcler der 10b des Artland-Gymnasiums begleitet, die eine Szene aus Bertolt Brechts bekanntem St\u00fcck \u201eTrommeln in der Nacht\u201c auff\u00fchrten.<br>Die Darbietung thematisierte eindringlich die Schrecken des Krieges und die verheerenden Auswirkungen auf das menschliche Zusammenleben, um den Toten von Kriegen und Gewaltherrschaft Respekt zu zollen.<\/p>\n\n\n\n<figure class=\"wp-block-image size-large\"><img loading=\"lazy\" decoding=\"async\" width=\"1024\" height=\"577\" src=\"https:\/\/www.artland-gymnasium.de\/wordpress\/wp-content\/uploads\/2024\/12\/Volkstrauertag2024-1024x577.jpg\" alt=\"\" class=\"wp-image-14617\" srcset=\"https:\/\/www.artland-gymnasium.de\/wordpress\/wp-content\/uploads\/2024\/12\/Volkstrauertag2024-1024x577.jpg 1024w, https:\/\/www.artland-gymnasium.de\/wordpress\/wp-content\/uploads\/2024\/12\/Volkstrauertag2024-300x169.jpg 300w, https:\/\/www.artland-gymnasium.de\/wordpress\/wp-content\/uploads\/2024\/12\/Volkstrauertag2024-768x433.jpg 768w, https:\/\/www.artland-gymnasium.de\/wordpress\/wp-content\/uploads\/2024\/12\/Volkstrauertag2024.jpg 1200w\" sizes=\"auto, (max-width: 1024px) 100vw, 1024px\" \/><\/figure>\n","protected":false},"excerpt":{"rendered":"<p>Am 17. November 2024 versammelten sich die B\u00fcrgerinnen und B\u00fcrger Quakenbr\u00fccks am Ehrenhain, um im Rahmen des Volkstrauertags im Beisein der B\u00fcrgermeisterin T\u00fclay Tsolak der Opfer beider Weltkriege zu gedenken.<\/p>\n","protected":false},"author":3,"featured_media":14617,"comment_status":"closed","ping_status":"open","sticky":false,"template":"","format":"standard","meta":{"ngg_post_thumbnail":0,"footnotes":""},"categories":[8],"tags":[],"class_list":["post-14616","post","type-post","status-publish","format-standard","has-post-thumbnail","hentry","category-aktuelles","comments-off"],"_links":{"self":[{"href":"https:\/\/www.artland-gymnasium.de\/wordpress\/wp-json\/wp\/v2\/posts\/14616","targetHints":{"allow":["GET"]}}],"collection":[{"href":"https:\/\/www.artland-gymnasium.de\/wordpress\/wp-json\/wp\/v2\/posts"}],"about":[{"href":"https:\/\/www.artland-gymnasium.de\/wordpress\/wp-json\/wp\/v2\/types\/post"}],"author":[{"embeddable":true,"href":"https:\/\/www.artland-gymnasium.de\/wordpress\/wp-json\/wp\/v2\/users\/3"}],"replies":[{"embeddable":true,"href":"https:\/\/www.artland-gymnasium.de\/wordpress\/wp-json\/wp\/v2\/comments?post=14616"}],"version-history":[{"count":1,"href":"https:\/\/www.artland-gymnasium.de\/wordpress\/wp-json\/wp\/v2\/posts\/14616\/revisions"}],"predecessor-version":[{"id":14618,"href":"https:\/\/www.artland-gymnasium.de\/wordpress\/wp-json\/wp\/v2\/posts\/14616\/revisions\/14618"}],"wp:featuredmedia":[{"embeddable":true,"href":"https:\/\/www.artland-gymnasium.de\/wordpress\/wp-json\/wp\/v2\/media\/14617"}],"wp:attachment":[{"href":"https:\/\/www.artland-gymnasium.de\/wordpress\/wp-json\/wp\/v2\/media?parent=14616"}],"wp:term":[{"taxonomy":"category","embeddable":true,"href":"https:\/\/www.artland-gymnasium.de\/wordpress\/wp-json\/wp\/v2\/categories?post=14616"},{"taxonomy":"post_tag","embeddable":true,"href":"https:\/\/www.artland-gymnasium.de\/wordpress\/wp-json\/wp\/v2\/tags?post=14616"}],"curies":[{"name":"wp","href":"https:\/\/api.w.org\/{rel}","templated":true}]}}