{"id":14893,"date":"2025-02-24T12:22:05","date_gmt":"2025-02-24T11:22:05","guid":{"rendered":"https:\/\/www.artland-gymnasium.de\/wordpress\/?p=14893"},"modified":"2026-07-25T18:02:29","modified_gmt":"2026-07-25T16:02:29","slug":"schultaschenaktion-sv-agq","status":"publish","type":"post","link":"https:\/\/www.artland-gymnasium.de\/wordpress\/2025\/02\/24\/schultaschenaktion-sv-agq\/","title":{"rendered":"Schultaschenaktion der SV"},"content":{"rendered":"\n<h3 class=\"wp-block-heading\"><mark style=\"background-color:rgba(0, 0, 0, 0)\" class=\"has-inline-color has-tertiary-color\">dieses Jahr pausiert <\/mark><\/h3>\n\n\n\n<p>Seit diesem Schuljahr hat die Sch\u00fclervertretung des Artland-Gymnasiums eine Kooperation mit der Grundschule am Langen Esch: das Schultaschenprojekt.<\/p>\n\n\n\n<p>Daf\u00fcr ben\u00f6tigen wir &#8211; die Sch\u00fclervertretung des AGQ &#8211; Ihre Hilfe. Wir sammeln alte Schultaschen und stocken diese mit Heften und anderen n\u00f6tigen Materialien auf. Die aufgef\u00fcllten Taschen geben wir dann an die Grundschule am Langen Esch weiter. Dort werden die Schultaschen durch vorherigen Austausch mit den Kinderg\u00e4rten an bed\u00fcrftige, angehende Erstkl\u00e4sslerinnen und Erstkl\u00e4sslern gespendet.&nbsp;<\/p>\n\n\n\n<p>Haben Sie noch eine Tasche \u00fcber?&nbsp;Gerne d\u00fcrfen die Schultaschen sich von Ihnen bereits mit Heften oder \u00c4hnlichem aufgestockt werden.<\/p>\n\n\n\n<p>Genauere Infos \u00fcber den Verlauf des Projektes folgen. Sie werden per Mail von uns kontaktiert.<\/p>\n\n\n\n<p>Wir bitten um Entschuldigung, falls aufgrund der Neueinf\u00fchrung des Projektes noch nicht alles reibungslos funktionieren sollte. <\/p>\n\n\n\n<p><\/p>\n\n\n\n<div class=\"wp-block-contact-form-7-contact-form-selector\"><p class=\"wpcf7-contact-form-not-found\"><strong>Fehler:<\/strong> Kontaktformular wurde nicht gefunden.<\/p><\/div>\n\n\n\n<p><\/p>\n","protected":false},"excerpt":{"rendered":"<p>dieses Jahr pausiert Seit diesem Schuljahr hat die Sch\u00fclervertretung des Artland-Gymnasiums eine Kooperation mit der Grundschule am Langen Esch: das Schultaschenprojekt. Daf\u00fcr ben\u00f6tigen wir &#8211; die Sch\u00fclervertretung des AGQ &#8211;<\/p>\n","protected":false},"author":3,"featured_media":14895,"comment_status":"closed","ping_status":"open","sticky":false,"template":"","format":"standard","meta":{"ngg_post_thumbnail":0,"footnotes":""},"categories":[8,1],"tags":[],"class_list":["post-14893","post","type-post","status-publish","format-standard","has-post-thumbnail","hentry","category-aktuelles","category-allgemein","comments-off"],"_links":{"self":[{"href":"https:\/\/www.artland-gymnasium.de\/wordpress\/wp-json\/wp\/v2\/posts\/14893","targetHints":{"allow":["GET"]}}],"collection":[{"href":"https:\/\/www.artland-gymnasium.de\/wordpress\/wp-json\/wp\/v2\/posts"}],"about":[{"href":"https:\/\/www.artland-gymnasium.de\/wordpress\/wp-json\/wp\/v2\/types\/post"}],"author":[{"embeddable":true,"href":"https:\/\/www.artland-gymnasium.de\/wordpress\/wp-json\/wp\/v2\/users\/3"}],"replies":[{"embeddable":true,"href":"https:\/\/www.artland-gymnasium.de\/wordpress\/wp-json\/wp\/v2\/comments?post=14893"}],"version-history":[{"count":3,"href":"https:\/\/www.artland-gymnasium.de\/wordpress\/wp-json\/wp\/v2\/posts\/14893\/revisions"}],"predecessor-version":[{"id":16813,"href":"https:\/\/www.artland-gymnasium.de\/wordpress\/wp-json\/wp\/v2\/posts\/14893\/revisions\/16813"}],"wp:featuredmedia":[{"embeddable":true,"href":"https:\/\/www.artland-gymnasium.de\/wordpress\/wp-json\/wp\/v2\/media\/14895"}],"wp:attachment":[{"href":"https:\/\/www.artland-gymnasium.de\/wordpress\/wp-json\/wp\/v2\/media?parent=14893"}],"wp:term":[{"taxonomy":"category","embeddable":true,"href":"https:\/\/www.artland-gymnasium.de\/wordpress\/wp-json\/wp\/v2\/categories?post=14893"},{"taxonomy":"post_tag","embeddable":true,"href":"https:\/\/www.artland-gymnasium.de\/wordpress\/wp-json\/wp\/v2\/tags?post=14893"}],"curies":[{"name":"wp","href":"https:\/\/api.w.org\/{rel}","templated":true}]}}