{"id":15454,"date":"2025-06-16T09:23:01","date_gmt":"2025-06-16T07:23:01","guid":{"rendered":"https:\/\/www.artland-gymnasium.de\/wordpress\/?p=15454"},"modified":"2025-08-07T19:04:31","modified_gmt":"2025-08-07T17:04:31","slug":"das-war-das-stadtradeln-2025","status":"publish","type":"post","link":"https:\/\/www.artland-gymnasium.de\/wordpress\/2025\/06\/16\/das-war-das-stadtradeln-2025\/","title":{"rendered":"Das war das Stadtradeln 2025"},"content":{"rendered":"\n<figure class=\"wp-block-image size-large is-resized\"><img loading=\"lazy\" decoding=\"async\" width=\"1024\" height=\"768\" src=\"https:\/\/www.artland-gymnasium.de\/wordpress\/wp-content\/uploads\/2025\/07\/Stadtradeln-Ehrung-1024x768.jpg\" alt=\"\" class=\"wp-image-15455\" style=\"width:598px;height:auto\" srcset=\"https:\/\/www.artland-gymnasium.de\/wordpress\/wp-content\/uploads\/2025\/07\/Stadtradeln-Ehrung-1024x768.jpg 1024w, https:\/\/www.artland-gymnasium.de\/wordpress\/wp-content\/uploads\/2025\/07\/Stadtradeln-Ehrung-300x225.jpg 300w, https:\/\/www.artland-gymnasium.de\/wordpress\/wp-content\/uploads\/2025\/07\/Stadtradeln-Ehrung-768x576.jpg 768w, https:\/\/www.artland-gymnasium.de\/wordpress\/wp-content\/uploads\/2025\/07\/Stadtradeln-Ehrung-600x450.jpg 600w, https:\/\/www.artland-gymnasium.de\/wordpress\/wp-content\/uploads\/2025\/07\/Stadtradeln-Ehrung.jpg 1118w\" sizes=\"auto, (max-width: 1024px) 100vw, 1024px\" \/><\/figure>\n\n\n\n<p>We proudly present\u2026 unsere Gewinner:innen des diesj\u00e4hrigen Stadtradelns. <\/p>\n\n\n\n<p>Um im Sinne des klimafreundlichen Alltags die Emissionen zu senken und einen Anreiz zu mehr Bewegung an der frischen Luft zu geben, hat das AGQ nat\u00fcrlich auch in diesem Jahr an der Aktion teilgenommen &#8211; und das mit gro\u00dfem Erfolg: Insgesamt wurden 20.547 km erradelt. Das ist zwar nicht ganz die Zieldistanz von einer &#8222;Weltumradelung&#8220; (ca. 40.000 Kilometer am \u00c4quator), von der Herr Bakker als Initiator tr\u00e4umt, aber doch schon ein ganz stolzer Beitrag. Die Klasse 5b hat dabei mit stolzen 2.865,8 km den diesj\u00e4hrigen Schulrekord aufgestellt, nur knappt gefolgt von der 6FLa mit 2.852,4 km und dem 12. Jahrgang (2.263,1 km). Als besonderen Anreiz gab es ab einer erradelten Distanz von 100km die Los-Chance auf 100\u20ac f\u00fcr die Klassenkasse &#8211; die gl\u00fccklichen Gewinner:innen sehen Sie auf dem Foto, das bei der Ehrung und Preis\u00fcbergabe geschossen wurde: Die Klassen 5b, 7Fb, 11a sowie den 12. Jahrgang, der das Geld gut f\u00fcr die Abikasse gebrauchen kann. Herzlichen Gl\u00fcckwunsch und vielen Dank f\u00fcr die engagierte Teilnahme ALLEN Radelnden! N\u00e4chstes Jahr gibt es dann erneut die Chance, dass Herr Bakker sein Schulziel von 40.000km erreicht. <\/p>\n","protected":false},"excerpt":{"rendered":"<p>Es hat zwar nicht f\u00fcr die Weltumradelung gereicht, aber dennoch hat das AGQ eine stolze Distanz erradelt\u2026<\/p>\n","protected":false},"author":11,"featured_media":15455,"comment_status":"closed","ping_status":"open","sticky":false,"template":"","format":"standard","meta":{"ngg_post_thumbnail":0,"footnotes":""},"categories":[8],"tags":[],"class_list":["post-15454","post","type-post","status-publish","format-standard","has-post-thumbnail","hentry","category-aktuelles","comments-off"],"_links":{"self":[{"href":"https:\/\/www.artland-gymnasium.de\/wordpress\/wp-json\/wp\/v2\/posts\/15454","targetHints":{"allow":["GET"]}}],"collection":[{"href":"https:\/\/www.artland-gymnasium.de\/wordpress\/wp-json\/wp\/v2\/posts"}],"about":[{"href":"https:\/\/www.artland-gymnasium.de\/wordpress\/wp-json\/wp\/v2\/types\/post"}],"author":[{"embeddable":true,"href":"https:\/\/www.artland-gymnasium.de\/wordpress\/wp-json\/wp\/v2\/users\/11"}],"replies":[{"embeddable":true,"href":"https:\/\/www.artland-gymnasium.de\/wordpress\/wp-json\/wp\/v2\/comments?post=15454"}],"version-history":[{"count":1,"href":"https:\/\/www.artland-gymnasium.de\/wordpress\/wp-json\/wp\/v2\/posts\/15454\/revisions"}],"predecessor-version":[{"id":15456,"href":"https:\/\/www.artland-gymnasium.de\/wordpress\/wp-json\/wp\/v2\/posts\/15454\/revisions\/15456"}],"wp:featuredmedia":[{"embeddable":true,"href":"https:\/\/www.artland-gymnasium.de\/wordpress\/wp-json\/wp\/v2\/media\/15455"}],"wp:attachment":[{"href":"https:\/\/www.artland-gymnasium.de\/wordpress\/wp-json\/wp\/v2\/media?parent=15454"}],"wp:term":[{"taxonomy":"category","embeddable":true,"href":"https:\/\/www.artland-gymnasium.de\/wordpress\/wp-json\/wp\/v2\/categories?post=15454"},{"taxonomy":"post_tag","embeddable":true,"href":"https:\/\/www.artland-gymnasium.de\/wordpress\/wp-json\/wp\/v2\/tags?post=15454"}],"curies":[{"name":"wp","href":"https:\/\/api.w.org\/{rel}","templated":true}]}}