{"id":1648,"date":"2020-03-30T14:52:40","date_gmt":"2020-03-30T12:52:40","guid":{"rendered":"http:\/\/www.artland-gymnasium.de\/wordpress\/?p=1648"},"modified":"2025-08-07T19:10:18","modified_gmt":"2025-08-07T17:10:18","slug":"salutogenese-singen-mit-moritz","status":"publish","type":"post","link":"https:\/\/www.artland-gymnasium.de\/wordpress\/2020\/03\/30\/salutogenese-singen-mit-moritz\/","title":{"rendered":"Salutogenese &#8211; Singen mit Moritz"},"content":{"rendered":"\n<h3 class=\"wp-block-heading\">Projekt &#8222;Singen mit Moritz &#8222;<\/h3>\n\n\n\n<p>&#8222;Kommt Moritz heute nicht?&#8220; fragt Marcel Becker aus der 6B entt\u00e4uscht, als er mich allein auf der Treppe nach oben kommen sieht. &#8222;Ne, tut mir leid, Moritz ist heute krank.&#8220; &#8220; Dann k\u00f6nnen wir ja nicht singen, schade.&#8220; Nat\u00fcrlich k\u00f6nnen wir auch allein singen, die Franz\u00f6sischsch\u00fcler aus der 6B und ich, aber mit Moritz ist es anders, besser, sch\u00f6ner.&nbsp;<\/p>\n\n\n\n<p>Seit einem halben Jahr etwa verbringt Moritz Kemme aus dem Jahrgang 11 seine Freistunde nach unserem gemeinsamen Franz\u00f6sischunterricht am Montag im Anfangsunterricht Franz\u00f6sisch der 6B. Hier studiert er franz\u00f6sische Volkslieder mit den Sch\u00fclern ein und zwar auf seine ganz besondere Art. Ohne viel Firlefanz, ganz schlicht und deshalb umso beeindruckender f\u00fcr die Sch\u00fclerinnen und Sch\u00fcler stellt er sich vor sie hin und beginnt einfach zu singen. Nach wenigen Minuten des and\u00e4chtigen Zuh\u00f6rens, versuchen sie mit zu singen und freuen sich, wenn es mit der Aussprache schon einigerma\u00dfen klappt. Je nach Schwierigkeitsgrad des Liedtextes l\u00e4sst Moritz die &#8222;Anf\u00e4ngerfranzosen&#8220; zun\u00e4chst die Strophen nachsprechen, im Chor oder einzeln. Ganz beil\u00e4ufig vermittelt er seinen j\u00fcngeren Schulkameraden dabei, dass man eine bestimmte K\u00f6rperhaltung einnehmen und sich konzentrieren und leise sein muss. Und was Moritz sagt nehmen sie sich alle zu Herzen. Der Inhalt der Lieder ist eher nebens\u00e4chlich und wird nur kurz erw\u00e4hnt. Im Mittelpunkt steht f\u00fcr uns alle das gemeinsame Singen. Nach &#8222;Le coq est mort&#8220; und &#8222;Fr\u00e8re Jacques&#8220; sind wir nun bei &#8222;Trois jeunes tambours&#8220; angekommen. Unser Lieblingslied, dessen Text alle schon l\u00e4ngst auswendig kennen ist und bleibt aber &#8222;Au clair de la lune&#8220;.<\/p>\n\n\n\n<p>Wir dr\u00fccken alle ganz fest die Daumen, dass Moritz auch im n\u00e4chsten Schuljahr eine Freistunde hat, in der er mit uns weiter singt.<\/p>\n\n\n\nngg_shortcode_0_placeholder\n","protected":false},"excerpt":{"rendered":"<p>Projekt &#8222;Singen mit Moritz &#8222; &#8222;Kommt Moritz heute nicht?&#8220; fragt Marcel Becker aus der 6B entt\u00e4uscht, als er mich allein auf der Treppe nach oben kommen sieht. &#8222;Ne, tut mir<\/p>\n","protected":false},"author":3,"featured_media":0,"comment_status":"closed","ping_status":"open","sticky":false,"template":"","format":"standard","meta":{"ngg_post_thumbnail":0,"footnotes":""},"categories":[1],"tags":[],"class_list":["post-1648","post","type-post","status-publish","format-standard","hentry","category-allgemein","comments-off"],"_links":{"self":[{"href":"https:\/\/www.artland-gymnasium.de\/wordpress\/wp-json\/wp\/v2\/posts\/1648","targetHints":{"allow":["GET"]}}],"collection":[{"href":"https:\/\/www.artland-gymnasium.de\/wordpress\/wp-json\/wp\/v2\/posts"}],"about":[{"href":"https:\/\/www.artland-gymnasium.de\/wordpress\/wp-json\/wp\/v2\/types\/post"}],"author":[{"embeddable":true,"href":"https:\/\/www.artland-gymnasium.de\/wordpress\/wp-json\/wp\/v2\/users\/3"}],"replies":[{"embeddable":true,"href":"https:\/\/www.artland-gymnasium.de\/wordpress\/wp-json\/wp\/v2\/comments?post=1648"}],"version-history":[{"count":1,"href":"https:\/\/www.artland-gymnasium.de\/wordpress\/wp-json\/wp\/v2\/posts\/1648\/revisions"}],"predecessor-version":[{"id":1649,"href":"https:\/\/www.artland-gymnasium.de\/wordpress\/wp-json\/wp\/v2\/posts\/1648\/revisions\/1649"}],"wp:attachment":[{"href":"https:\/\/www.artland-gymnasium.de\/wordpress\/wp-json\/wp\/v2\/media?parent=1648"}],"wp:term":[{"taxonomy":"category","embeddable":true,"href":"https:\/\/www.artland-gymnasium.de\/wordpress\/wp-json\/wp\/v2\/categories?post=1648"},{"taxonomy":"post_tag","embeddable":true,"href":"https:\/\/www.artland-gymnasium.de\/wordpress\/wp-json\/wp\/v2\/tags?post=1648"}],"curies":[{"name":"wp","href":"https:\/\/api.w.org\/{rel}","templated":true}]}}