{"id":1668,"date":"2020-03-30T15:46:31","date_gmt":"2020-03-30T13:46:31","guid":{"rendered":"http:\/\/www.artland-gymnasium.de\/wordpress\/?p=1668"},"modified":"2025-08-07T19:10:18","modified_gmt":"2025-08-07T17:10:18","slug":"teilnehmerlisten-schuelerakademien","status":"publish","type":"post","link":"https:\/\/www.artland-gymnasium.de\/wordpress\/2020\/03\/30\/teilnehmerlisten-schuelerakademien\/","title":{"rendered":"Teilnehmerlisten &#8211; Sch\u00fclerakademien"},"content":{"rendered":"\n<p><strong>AGQ-Teilnahme an Sch\u00fclerakademien<\/strong><\/p>\n\n\n\n<p><strong>Individuelle Begabungsf\u00f6rderung<\/strong><\/p>\n\n\n\n<figure class=\"wp-block-table\"><table class=\"\"><tbody><tr><td>&nbsp;<\/td><td><strong>individuell begabungsf\u00f6rderndes Angebot<\/strong><\/td><td><strong>AGQ-Teilnehmer\/-innen<\/strong><strong>&nbsp;<\/strong><\/td><\/tr><tr><td><strong>1<\/strong><\/td><td><strong>Deutsche Sch\u00fclerAkademie<\/strong><strong>&nbsp;<\/strong>F\u00f6rderung besonders leistungsf\u00e4higer Sch\u00fclerinnen und Sch\u00fcler;&nbsp;16-t\u00e4gige Seminare in der unterrichtsfreien Zeit an Standorten in ganz Deutschland zu Themen aus Wissenschaft, Forschung und Kultur<\/td><td>Imke Ortland (2005\/2006)Susanna Zitz (2007\/2008)Tobias Persoon (2008\/2009)Gunnar Sch\u00f6nhoff (2009\/2010)Gerrit \u00d6hm (2010\/2011)Theresa Birmes (2011\/2012)Johanna Behling (2012\/2013)Leonie Eickhorst (2013\/2014)Annemarie Potratz*&nbsp;(2014\/2015)(*keine Tn. wg. USAReise\/Basketballendturnier)Arne M\u00fcller (2015\/2016)Thorben Banko (2016\/2017)Amrei K\u00fcpker (2018\/2019)&nbsp;&nbsp;<\/td><\/tr><tr><td><strong>2<\/strong><\/td><td><strong>Stipendium DIL \u2013 Deutsches Institut f\u00fcr Lebensmitteltechnik in Kooperation mit dem AGQ<\/strong><strong>&nbsp;<\/strong>24 monatige Studienf\u00f6rderung f\u00fcr Stipendiaten AGQ+ DIL erstmals ab 2011&nbsp;<strong>&nbsp;<\/strong><\/td><td>Alexander Bobe (Abitur 2011)Pia Oswald (Abitur 2012)Daniel Stichling (Abitur 2013)Nils Marquard (Abitur 2014)Anton Pfannstiel (Abitur 2015)Carina Krug (Abitur 2016)Wiebke Behling (Abitur 2017)&nbsp;&nbsp;<\/td><\/tr><tr><td><strong>3<\/strong><\/td><td><strong>Konrad Adenauer Summer School<\/strong><strong>&nbsp;<\/strong>Angebote im Rahmen individueller F\u00f6rderung, teils in der unterrichtsfreien Zeit<\/td><td>Thea Ortmann (2010\/2011)Laura Luers (2010\/2011)Rebekka Birmes (2011\/2012)Gudrun Henemann (2011\/2012)Sayed Kandil (2012\/2013)&nbsp;&nbsp;<\/td><\/tr><tr><td><strong>4<\/strong><\/td><td><strong>Katholische Akademie Stapelfeld<\/strong><strong>&nbsp;<\/strong>Angebote im Rahmen individueller F\u00f6rderung, teils in der unterrichtsfreien Zeit&nbsp;<\/td><td>Katharina Albrecht (20110\/2011)Angelina Wichmann (2010\/2011)&nbsp;&nbsp;<\/td><\/tr><tr><td><strong>5<\/strong><\/td><td><strong>Ludwig Windhorst Haus Lingen<\/strong><strong>Langzeitprojekte<\/strong><strong>&nbsp;<\/strong>Angebote im Rahmen individueller F\u00f6rderung, teils in der unterrichtsfreien Zeit<strong>&nbsp;<\/strong><\/td><td>Martin Bieker (2010\/2011)Martin Bieker (2011\/2012)Maik van Deest (2010\/2011)Maik van Deest (2012\/2013)Gerrit \u00d6hm (2010\/2011)Gerrit \u00d6hm (2012\/2013)&nbsp;<\/td><\/tr><tr><td><strong>&nbsp;<\/strong><\/td><td><strong>individuell begabungsf\u00f6rderndes Angebot<\/strong><\/td><td><strong>AGQ-Teilnehmer\/-innen<\/strong>&nbsp;<\/td><\/tr><tr><td><strong>6<\/strong><\/td><td><strong>Evangelische Akademie Loccum<\/strong><strong>&nbsp;<\/strong>Angebote im Rahmen individueller F\u00f6rderung, teils in der unterrichtsfreien Zeit<\/td><td>Kristina Betke (2011\/2012)Rebekka Birmes (2011\/2012)Gudrun Henemann (2011\/2012)Kathrin Hermes (2011\/2012)Pia Oswald (2011\/2012)Sigrun Vallo (2011\/2012)Anna Weltz (2011\/2012)Maike Zaun (2011\/2012)Leonie Eickhorst (2012\/2013)&nbsp;&nbsp;&nbsp;<\/td><\/tr><tr><td><strong>7<\/strong><strong>&nbsp;<\/strong><strong>&nbsp;<\/strong><strong>&nbsp;<\/strong><strong>&nbsp;<\/strong><strong>&nbsp;<\/strong><strong>&nbsp;<\/strong><strong>&nbsp;<\/strong><\/td><td><strong>Junior Akademie \u201eWind und Meer\u201c<\/strong><strong>Bad Bederkesa, Jg.7\/8<\/strong><strong>&nbsp;<\/strong>Arbeit in Themenworkshops f\u00fcr mathematisch-naturwissenschaftliche und k\u00fcnstlerisch interessierte Jugendliche<strong>&nbsp;<\/strong><strong>&nbsp;<\/strong><strong>&nbsp;<\/strong><\/td><td>Johanna H\u00f6lker (2010\/2011)Franziska Schuir (2010\/2011)Franziska Schuir (2011\/2012)Lea Ruthmann (2011\/2012)Anna-Lena K\u00fcthe (2011\/2012)Judith Birmes (2011\/2012 )Judith Birmes (2012\/2013)&nbsp;&nbsp;&nbsp;<\/td><\/tr><tr><td><strong>8<\/strong><\/td><td><strong>Young Leaders \u2013 Akademie<\/strong><strong>&nbsp;<\/strong>Arbeit an aktuellen, medienorientierten, kirchlichen, sozialen, philosophischen, politischen und europapolitischen Themen<\/td><td>Anne G\u00fcldenpfennig (1997\/1998, USA)Irem Emir (1997\/1998, USA)Maik van Deest (2011\/2012, Koblenz)Dennis Kessen (2014\/2015, Koblenz)Lea Frese (2014\/2015, Berlin)Hannah Trepte (2014\/2015, Berlin)Max Wichmann (2014\/2015, Berlin)&nbsp;&nbsp;&nbsp;&nbsp;&nbsp;<\/td><\/tr><tr><td><strong>9<\/strong><\/td><td><strong>Nordmetall \u2013 Junior Akademie<\/strong><strong>Historisch-\u00d6kologische Bildungsst\u00e4tte&nbsp;<\/strong><strong>&nbsp;<\/strong>au\u00dferschulische individuelle Begabungsf\u00f6rderung Sek I&nbsp;&nbsp;&nbsp;<\/td><td>Kirsten Schleid (201372014, Papenburg)Hannah Trepte (2013\/2014, Papenburg)Paula Fischer (2013\/2014, Papenburg)Henrike Ermeling (2013\/2014 Papenburg)&nbsp;&nbsp;&nbsp;&nbsp;&nbsp;&nbsp;&nbsp;&nbsp;&nbsp;&nbsp;&nbsp;&nbsp;<\/td><\/tr><tr><td><strong>&nbsp;<\/strong><\/td><td><strong>individuell begabungsf\u00f6rderndes Angebot<\/strong><\/td><td><strong>AGQ-Teilnehmer\/-innen<\/strong>&nbsp;<\/td><\/tr><tr><td><strong>10<\/strong><\/td><td><strong>Jean Monnet Centre of Excellence in European Studies (JMCE) an der&nbsp;<\/strong><strong>Universit\u00e4t Osnabr\u00fcck, Jg.7\/8<\/strong><strong>&nbsp;<\/strong>Akademietage an der Universit\u00e4t Osnabr\u00fcck mit Wissenschaftlern und Professoren zu europ\u00e4ischen Themen wie z.B.:&nbsp;Grenzen zu \u2013 alles gut?Migration \u2013 was hat das mit mir zu tun?Grenzen und Grenz\u00fcberschreitung in der JugendliteraturGuerilla GardeningVerbraucherschutz in der EUBew\u00e4ltigung der Fl\u00fcchtlingskriseEurop\u00e4ische B\u00fcrgerinteressenVerantwortlicher KonsumDas BauhausWie sinnvoll ist Entwicklungshilfe?Die Geschichte des GeldesWarum kann man im Weltall nicht sprechen?<\/td><td>Felix Bl\u00f6mer (2011\/2012)Jannis Bergmann (2011\/2012)Julia K\u00fcpker (2011\/2012)C\u00e9line Lebescond (2011\/2012)Ann-Kathrin Lukannek (2011\/2012)Franziska Schuir (2011\/2012)Laura Schulte (2011\/2012)Lukas Bergmann (2012\/2013)C\u00e9line Lebescond (2012\/2013)Jannis Bergmann (2012\/2013)Mathilda Bruns (2012\/2013)Anneke Fengler (2013\/2014)Christin Ortgies (2013\/2014)Lukas Bergmann (2013\/2014)Carolin Herrmann (2013\/2014)Ina Marlen Rawe (2013\/2014)Julia Lamping (2014\/2015)Carolin Ritterskamp (2014\/2015)Emma Hufker (2014\/2015)Jule Froese (2014\/2015)Amrei K\u00fcpker (2014\/2015)Kevin Maurer (2014\/2015)Lilli Beckmann (2014\/2015)Mareike Meyer (2014\/2015)Milena Hagemann (2014\/2015)Lilli Beckmann (2015\/2016)Frerik Hermes (2015\/2016)Amrei K\u00fcpker (2015\/2016)Julia Lamping (2015\/2016)Mareike Meyer (2015\/2016)Gregor Steiner(2015\/2016)Clemens Beckmann (2016\/2017)Rebecca Brinkmann (2016\/2017)Louisa Dunkel (2016\/2017)Sabine Block (2016\/2017)Anne Wichmann (2016\/2017)Nico Br\u00e4utigam (2016\/2017)Leonard von der Ecken (2016\/2017)Theo Igelmann (2016\/2017)Paula Teschendorf (2017\/2018)Marlene Nordmann (2017\/2018)Lara Gl\u00fcsenkamp (2017\/2018)Lea Wilmering (2017\/2018)Theresa Behre (2017\/2018)Sabine Block (2017\/2018)Letizia Warnking (2017\/2018)<\/td><\/tr><\/tbody><\/table><\/figure>\n\n\n\n<p>Stand: 12.08.2019<\/p>\n\n\n\n<p>H. Steinkamp<\/p>\n","protected":false},"excerpt":{"rendered":"<p>AGQ-Teilnahme an Sch\u00fclerakademien Individuelle Begabungsf\u00f6rderung &nbsp; individuell begabungsf\u00f6rderndes Angebot AGQ-Teilnehmer\/-innen&nbsp; 1 Deutsche Sch\u00fclerAkademie&nbsp;F\u00f6rderung besonders leistungsf\u00e4higer Sch\u00fclerinnen und Sch\u00fcler;&nbsp;16-t\u00e4gige Seminare in der unterrichtsfreien Zeit an Standorten in ganz Deutschland zu Themen<\/p>\n","protected":false},"author":3,"featured_media":0,"comment_status":"closed","ping_status":"open","sticky":false,"template":"","format":"standard","meta":{"ngg_post_thumbnail":0,"footnotes":""},"categories":[1],"tags":[],"class_list":["post-1668","post","type-post","status-publish","format-standard","hentry","category-allgemein","comments-off"],"_links":{"self":[{"href":"https:\/\/www.artland-gymnasium.de\/wordpress\/wp-json\/wp\/v2\/posts\/1668","targetHints":{"allow":["GET"]}}],"collection":[{"href":"https:\/\/www.artland-gymnasium.de\/wordpress\/wp-json\/wp\/v2\/posts"}],"about":[{"href":"https:\/\/www.artland-gymnasium.de\/wordpress\/wp-json\/wp\/v2\/types\/post"}],"author":[{"embeddable":true,"href":"https:\/\/www.artland-gymnasium.de\/wordpress\/wp-json\/wp\/v2\/users\/3"}],"replies":[{"embeddable":true,"href":"https:\/\/www.artland-gymnasium.de\/wordpress\/wp-json\/wp\/v2\/comments?post=1668"}],"version-history":[{"count":1,"href":"https:\/\/www.artland-gymnasium.de\/wordpress\/wp-json\/wp\/v2\/posts\/1668\/revisions"}],"predecessor-version":[{"id":1669,"href":"https:\/\/www.artland-gymnasium.de\/wordpress\/wp-json\/wp\/v2\/posts\/1668\/revisions\/1669"}],"wp:attachment":[{"href":"https:\/\/www.artland-gymnasium.de\/wordpress\/wp-json\/wp\/v2\/media?parent=1668"}],"wp:term":[{"taxonomy":"category","embeddable":true,"href":"https:\/\/www.artland-gymnasium.de\/wordpress\/wp-json\/wp\/v2\/categories?post=1668"},{"taxonomy":"post_tag","embeddable":true,"href":"https:\/\/www.artland-gymnasium.de\/wordpress\/wp-json\/wp\/v2\/tags?post=1668"}],"curies":[{"name":"wp","href":"https:\/\/api.w.org\/{rel}","templated":true}]}}