{"id":348,"date":"2025-02-12T15:01:31","date_gmt":"2025-02-12T14:01:31","guid":{"rendered":"http:\/\/www.artland-gymnasium.de\/wordpress\/?p=348"},"modified":"2025-11-09T17:04:14","modified_gmt":"2025-11-09T16:04:14","slug":"fachgruppe-mathematik","status":"publish","type":"post","link":"https:\/\/www.artland-gymnasium.de\/wordpress\/2025\/02\/12\/fachgruppe-mathematik\/","title":{"rendered":"Fachgruppe Mathematik"},"content":{"rendered":"\n<p class=\"has-medium-font-size\"><strong>Das Fach Mathe und die Mitglieder der Fachgruppe<\/strong><\/p>\n\n\n\n<figure class=\"wp-block-image size-large\"><img loading=\"lazy\" decoding=\"async\" width=\"1024\" height=\"683\" src=\"https:\/\/www.artland-gymnasium.de\/wordpress\/wp-content\/uploads\/2025\/02\/Fachgruppe-Mathe-2025-1024x683.jpg\" alt=\"\" class=\"wp-image-15684\" srcset=\"https:\/\/www.artland-gymnasium.de\/wordpress\/wp-content\/uploads\/2025\/02\/Fachgruppe-Mathe-2025-1024x683.jpg 1024w, https:\/\/www.artland-gymnasium.de\/wordpress\/wp-content\/uploads\/2025\/02\/Fachgruppe-Mathe-2025-300x200.jpg 300w, https:\/\/www.artland-gymnasium.de\/wordpress\/wp-content\/uploads\/2025\/02\/Fachgruppe-Mathe-2025-768x512.jpg 768w, https:\/\/www.artland-gymnasium.de\/wordpress\/wp-content\/uploads\/2025\/02\/Fachgruppe-Mathe-2025-1536x1024.jpg 1536w, https:\/\/www.artland-gymnasium.de\/wordpress\/wp-content\/uploads\/2025\/02\/Fachgruppe-Mathe-2025-2048x1365.jpg 2048w, https:\/\/www.artland-gymnasium.de\/wordpress\/wp-content\/uploads\/2025\/02\/Fachgruppe-Mathe-2025-600x400.jpg 600w\" sizes=\"auto, (max-width: 1024px) 100vw, 1024px\" \/><\/figure>\n\n\n\n<h2 class=\"wp-block-heading has-medium-font-size\" id=\"1-mitglieder-der-fachgruppe\"><strong>Mitglieder der Fachgruppe<\/strong><\/h2>\n\n\n\n<ul class=\"wp-block-list\">\n<li>Heike Geers (Mathematik, Chemie)<\/li>\n\n\n\n<li>Heidi Greten (Mathematik, kath. Religion)<\/li>\n\n\n\n<li>Dr. Thomas Gr\u00fc\u00df-Niehaus (Mathematik, Chemie)<\/li>\n\n\n\n<li>Holger Honkomp (Mathematik, Chemie, Physik)<\/li>\n\n\n\n<li>Birgit Holzbecher (Mathematik, Latein)<\/li>\n\n\n\n<li>Claudia K\u00e4hler (Mathematik, Physik)<\/li>\n\n\n\n<li>Stephan Keppler (Mathematik, Physik)<\/li>\n\n\n\n<li>Hans-Georg K\u00fcpker<em>&nbsp;<\/em>(Mathematik, Physik; <em>Fachobmann<\/em>)<\/li>\n\n\n\n<li>Maren Kolde (Mathematik, Biologie)<\/li>\n\n\n\n<li>Dr. Felix Lager<em>&nbsp;<\/em>(Mathematik, Informatik, Physik)<\/li>\n\n\n\n<li>Christine Nyhuis (Mathematik, Chemie)<\/li>\n\n\n\n<li>Eike Peters (Mathematik, Physik)<\/li>\n\n\n\n<li>Arne Sander (Mathematik, Physik)<\/li>\n\n\n\n<li>Richard Schwindt (Mathematik, Biologie; <em>Referendar<\/em>)<\/li>\n\n\n\n<li>Christian Watermann (Mathematik, Sport)<\/li>\n<\/ul>\n\n\n\n<h2 class=\"wp-block-heading\" id=\"2-stoffverteilungsplane\">2. Stoffverteilungspl\u00e4ne<\/h2>\n\n\n\n<div class=\"wp-block-file\"><a id=\"wp-block-file--media-14fcc2f0-59dc-4a4c-bbbc-33404a41379c\" href=\"https:\/\/www.artland-gymnasium.de\/wordpress\/wp-content\/uploads\/2020\/03\/Mathematik-Schuleigener-Arbeitsplan-Klasse-5-Stand-Februar-2016.pdf\">Informationen zum Jg. 5<\/a><\/div>\n\n\n\n<div class=\"wp-block-file\"><a id=\"wp-block-file--media-0c0c67c7-3566-4927-b6b3-268018e38af0\" href=\"https:\/\/www.artland-gymnasium.de\/wordpress\/wp-content\/uploads\/2020\/03\/Mathematik-Schuleigener-Arbeitsplan-Klasse-6-Stand-Februar-2016.pdf\">Informationen zum Jg. 6<\/a><\/div>\n\n\n\n<div class=\"wp-block-file\"><a id=\"wp-block-file--media-2d2ff456-da09-403b-8a6f-cbf77947b4dd\" href=\"https:\/\/www.artland-gymnasium.de\/wordpress\/wp-content\/uploads\/2020\/03\/mathematik_agq_klasse_7_Stand_02_2016.pdf\">Informationen zum Jg. 7<\/a><\/div>\n\n\n\n<div class=\"wp-block-file\"><a id=\"wp-block-file--media-d924a163-d151-4728-8fd5-53cd72df3b43\" href=\"https:\/\/www.artland-gymnasium.de\/wordpress\/wp-content\/uploads\/2020\/03\/Mathematik-Schuleigener-Arbeitsplan-Klasse-8-Stand-Februar-2016.pdf\">Informationen zum Jg. 8<\/a><\/div>\n\n\n\n<div class=\"wp-block-file\"><a id=\"wp-block-file--media-f814234e-4b11-4cff-ad5e-f13d450695f8\" href=\"https:\/\/www.artland-gymnasium.de\/wordpress\/wp-content\/uploads\/2020\/03\/mathematik_sa_klasse_9.pdf\">Informationen zum Jg. 9<\/a><\/div>\n\n\n\n<div class=\"wp-block-file\"><a id=\"wp-block-file--media-3227a0c3-b062-45af-9201-5b389fa256ef\" href=\"https:\/\/www.artland-gymnasium.de\/wordpress\/wp-content\/uploads\/2020\/03\/mathematik_sa_klasse_10.pdf\">Informationen zum Jg. 10<\/a><\/div>\n\n\n\n<h2 class=\"wp-block-heading\" id=\"3-leistungsbewertung\">3. Leistungsbewertung<\/h2>\n\n\n\n<div class=\"wp-block-file\"><a id=\"wp-block-file--media-043cc1f4-7d90-4738-8d35-f602d3e7a4e6\" href=\"https:\/\/www.artland-gymnasium.de\/wordpress\/wp-content\/uploads\/2020\/03\/leistungsbewertung_mathe.pdf\">\u00dcbersicht \u00fcber die Kriterien der Leistungsbewertung<\/a><\/div>\n\n\n\n<h2 class=\"wp-block-heading\">4. R\u00e4tsel des Monats<\/h2>\n\n\n\n<p><strong><a href=\"https:\/\/www.artland-gymnasium.de\/wordpress\/2025\/11\/09\/raetsel-des-monats\/\" data-type=\"post\" data-id=\"16102\">HIER<\/a><\/strong> klicken, um zu allen Informationen und dem aktuellen R\u00e4tsel zu kommen!<\/p>\n","protected":false},"excerpt":{"rendered":"<p>Das Fach Mathe und die Mitglieder der Fachgruppe Mitglieder der Fachgruppe 2. Stoffverteilungspl\u00e4ne 3. Leistungsbewertung 4. R\u00e4tsel des Monats HIER klicken, um zu allen Informationen und dem aktuellen R\u00e4tsel zu<\/p>\n","protected":false},"author":3,"featured_media":0,"comment_status":"closed","ping_status":"open","sticky":false,"template":"","format":"standard","meta":{"ngg_post_thumbnail":0,"footnotes":""},"categories":[5],"tags":[],"class_list":["post-348","post","type-post","status-publish","format-standard","hentry","category-fachgruppen","comments-off"],"_links":{"self":[{"href":"https:\/\/www.artland-gymnasium.de\/wordpress\/wp-json\/wp\/v2\/posts\/348","targetHints":{"allow":["GET"]}}],"collection":[{"href":"https:\/\/www.artland-gymnasium.de\/wordpress\/wp-json\/wp\/v2\/posts"}],"about":[{"href":"https:\/\/www.artland-gymnasium.de\/wordpress\/wp-json\/wp\/v2\/types\/post"}],"author":[{"embeddable":true,"href":"https:\/\/www.artland-gymnasium.de\/wordpress\/wp-json\/wp\/v2\/users\/3"}],"replies":[{"embeddable":true,"href":"https:\/\/www.artland-gymnasium.de\/wordpress\/wp-json\/wp\/v2\/comments?post=348"}],"version-history":[{"count":25,"href":"https:\/\/www.artland-gymnasium.de\/wordpress\/wp-json\/wp\/v2\/posts\/348\/revisions"}],"predecessor-version":[{"id":16108,"href":"https:\/\/www.artland-gymnasium.de\/wordpress\/wp-json\/wp\/v2\/posts\/348\/revisions\/16108"}],"wp:attachment":[{"href":"https:\/\/www.artland-gymnasium.de\/wordpress\/wp-json\/wp\/v2\/media?parent=348"}],"wp:term":[{"taxonomy":"category","embeddable":true,"href":"https:\/\/www.artland-gymnasium.de\/wordpress\/wp-json\/wp\/v2\/categories?post=348"},{"taxonomy":"post_tag","embeddable":true,"href":"https:\/\/www.artland-gymnasium.de\/wordpress\/wp-json\/wp\/v2\/tags?post=348"}],"curies":[{"name":"wp","href":"https:\/\/api.w.org\/{rel}","templated":true}]}}