{"id":404,"date":"2023-12-20T08:14:28","date_gmt":"2023-12-20T07:14:28","guid":{"rendered":"http:\/\/www.artland-gymnasium.de\/wordpress\/?p=404"},"modified":"2025-08-07T19:07:38","modified_gmt":"2025-08-07T17:07:38","slug":"studien-und-berufsorientierung","status":"publish","type":"post","link":"https:\/\/www.artland-gymnasium.de\/wordpress\/2023\/12\/20\/studien-und-berufsorientierung\/","title":{"rendered":"Studien- und Berufsorientierung"},"content":{"rendered":"\n<figure class=\"wp-block-image size-large\"><img loading=\"lazy\" decoding=\"async\" width=\"1024\" height=\"516\" src=\"https:\/\/www.artland-gymnasium.de\/wordpress\/wp-content\/uploads\/2020\/03\/edumaps-1024x516.png\" alt=\"\" class=\"wp-image-9417\" srcset=\"https:\/\/www.artland-gymnasium.de\/wordpress\/wp-content\/uploads\/2020\/03\/edumaps-1024x516.png 1024w, https:\/\/www.artland-gymnasium.de\/wordpress\/wp-content\/uploads\/2020\/03\/edumaps-300x151.png 300w, https:\/\/www.artland-gymnasium.de\/wordpress\/wp-content\/uploads\/2020\/03\/edumaps-768x387.png 768w, https:\/\/www.artland-gymnasium.de\/wordpress\/wp-content\/uploads\/2020\/03\/edumaps-1536x774.png 1536w, https:\/\/www.artland-gymnasium.de\/wordpress\/wp-content\/uploads\/2020\/03\/edumaps-2048x1033.png 2048w\" sizes=\"auto, (max-width: 1024px) 100vw, 1024px\" \/><\/figure>\n\n\n\n<p>Die Website mit obenstehender EduMap finden Sie <a href=\"https:\/\/nds.edumaps.de\/24224\/74219\/7tdj19uv97\" target=\"_blank\" rel=\"noreferrer noopener\">hier<\/a> oder \u00fcber unterstehenden qr-Code.<\/p>\n\n\n<div class=\"wp-block-image is-resized\">\n<figure class=\"aligncenter size-full\"><img loading=\"lazy\" decoding=\"async\" width=\"500\" height=\"500\" src=\"https:\/\/www.artland-gymnasium.de\/wordpress\/wp-content\/uploads\/2020\/03\/edumaps_berufsorientierung.png\" alt=\"\" class=\"wp-image-9415\" srcset=\"https:\/\/www.artland-gymnasium.de\/wordpress\/wp-content\/uploads\/2020\/03\/edumaps_berufsorientierung.png 500w, https:\/\/www.artland-gymnasium.de\/wordpress\/wp-content\/uploads\/2020\/03\/edumaps_berufsorientierung-300x300.png 300w, https:\/\/www.artland-gymnasium.de\/wordpress\/wp-content\/uploads\/2020\/03\/edumaps_berufsorientierung-150x150.png 150w\" sizes=\"auto, (max-width: 500px) 100vw, 500px\" \/><\/figure>\n<\/div>\n\n\n<figure class=\"wp-block-image size-full\"><img loading=\"lazy\" decoding=\"async\" width=\"649\" height=\"187\" src=\"https:\/\/www.artland-gymnasium.de\/wordpress\/wp-content\/uploads\/2020\/03\/Logos_1a_seit_2023.jpg\" alt=\"\" class=\"wp-image-9449\" srcset=\"https:\/\/www.artland-gymnasium.de\/wordpress\/wp-content\/uploads\/2020\/03\/Logos_1a_seit_2023.jpg 649w, https:\/\/www.artland-gymnasium.de\/wordpress\/wp-content\/uploads\/2020\/03\/Logos_1a_seit_2023-300x86.jpg 300w, https:\/\/www.artland-gymnasium.de\/wordpress\/wp-content\/uploads\/2020\/03\/Logos_1a_seit_2023-350x100.jpg 350w\" sizes=\"auto, (max-width: 649px) 100vw, 649px\" \/><\/figure>\n\n\n\n<h2 class=\"wp-block-heading\" id=\"gutesiegel-startklar-fur-den-beruf-weser-ems-macht-schule\"><strong>G\u00fctesiegel &#8222;Startklar f\u00fcr den Beruf &#8211; Weser-Ems macht Schule&#8220;<\/strong><\/h2>\n\n\n\n<p>Das Artland-Gymnasium hat im Dezember 2023 das G\u00fctesiegel \u201eStartklar f\u00fcr den Beruf\u201c zum dritten Mal verliehen bekommen. Die Auszeichnung erfolgte durch die Aktionsgemeinschaft G\u00fctesiegel, einer Initiative der Industrie- und Handelskammer, der Handwerkskammern in Weser-Ems und dem Regionalen Landesamt f\u00fcr Schule und Bildung.<\/p>\n\n\n\n<div class=\"wp-block-file\"><a id=\"wp-block-file--media-48a3dda6-951d-4592-826c-017d00ea9ecd\" href=\"https:\/\/www.artland-gymnasium.de\/wordpress\/wp-content\/uploads\/2023\/09\/AGQ-Dokumentation-Guetesiegel-2023.pdf\" target=\"_blank\" rel=\"noreferrer noopener\">AGQ Dokumentation G\u00fctesiegel 2023<\/a><\/div>\n\n\n\n<p><strong>Team Jugendberufsagentur (JBA) am AGQ<\/strong><\/p>\n\n\n\n<div data-wp-interactive=\"core\/file\" class=\"wp-block-file\"><object data-wp-bind--hidden=\"!state.hasPdfPreview\" hidden class=\"wp-block-file__embed\" data=\"https:\/\/www.artland-gymnasium.de\/wordpress\/wp-content\/uploads\/2020\/03\/Team-JBA-AGQ-2023-24-Aushang.pdf\" type=\"application\/pdf\" style=\"width:100%;height:945px\" aria-label=\"Einbettung von &lt;strong&gt;Team Jugendberufsagentur (JBA) am AGQ&lt;\/strong&gt;.\"><\/object><a id=\"wp-block-file--media-2c7e2545-a9ec-42b9-9050-0892cb68845a\" href=\"https:\/\/www.artland-gymnasium.de\/wordpress\/wp-content\/uploads\/2020\/03\/Team-JBA-AGQ-2023-24-Aushang.pdf\"><strong>Team Jugendberufsagentur (JBA) am AGQ<\/strong><\/a><\/div>\n\n\n\n<h2 class=\"wp-block-heading\" id=\"block-22a92856-0194-4b6f-b632-773f5268791d\">Berichte und Fotos<\/h2>\n\n\n\n<p><strong>Berufsinfotag<\/strong><br>12.07.2022: <a href=\"https:\/\/www.artland-gymnasium.de\/wordpress\/2022\/08\/19\/agq-berufsinfotag-am-12-07-22\/\" data-type=\"post\" data-id=\"6922\">Bericht und Fotos<\/a><\/p>\n\n\n\n<p><strong>Ausbildungsmesse Kompass &#8211; Finde dein Handwerk<br><\/strong>06.05.2022: <a href=\"https:\/\/www.artland-gymnasium.de\/wordpress\/2022\/05\/30\/jahrgang-11-besucht-ausbildungsmesse-kompass-finde-dein-handwerk\/\" data-type=\"post\" data-id=\"6820\">Bericht und Fotos<\/a><\/p>\n\n\n\n<p><strong>Ausbildungsmesse #Deine Ausbildung sucht dich<br><\/strong>27.04.2022: <a href=\"https:\/\/www.artland-gymnasium.de\/wordpress\/2022\/05\/16\/messebesuch-jahrgang-10-deineausbildungsuchtdich\/\" data-type=\"post\" data-id=\"6778\">Bericht und Fotos<\/a><br>27.04.2023: <a href=\"https:\/\/www.artland-gymnasium.de\/wordpress\/2023\/05\/02\/deineausbildungsuchtdich-jg-10-in-alfhausen\/\" data-type=\"post\" data-id=\"9002\" target=\"_blank\" rel=\"noreferrer noopener\">Berichte und Fotos<\/a><\/p>\n\n\n\n<p><strong>Girls&#8216; Day<br><\/strong>27.04.2022: <a href=\"https:\/\/www.artland-gymnasium.de\/wordpress\/2022\/05\/16\/girlsday-boysday-am-27-04-2022\/\" data-type=\"post\" data-id=\"6767\">Bericht und Fotos<\/a><br>27.04.2023: <a href=\"https:\/\/www.artland-gymnasium.de\/wordpress\/2023\/05\/02\/zukunftstag-2023-agq-nimmt-mit-380-schuelerinnen-und-schuelern-teil\/\" data-type=\"post\" data-id=\"9022\" target=\"_blank\" rel=\"noreferrer noopener\">Berichte und Fotos<\/a><\/p>\n\n\n\n<p><strong>Hochschulorientierungstag (HOT) Jg. 12<\/strong><br>11.09.2019:\u00a0<a aria-label=\" (\u00f6ffnet in neuem Tab)\" href=\"https:\/\/www.artland-gymnasium.de\/wordpress\/2020\/03\/29\/hochschulorientierungstag\/\" target=\"_blank\" rel=\"noreferrer noopener\">Bericht und Fotos<\/a><br>26.09.2022: <a href=\"https:\/\/www.artland-gymnasium.de\/wordpress\/2022\/10\/09\/hochschulorientierungstag-hot-jahrgang-12\/\">Bericht und Fotos<\/a><br>27.09.2023: Bericht und Fotos<\/p>\n\n\n\n<p><strong>Besuch der Handwerkskammer&nbsp;<br><\/strong>April 2019: <a rel=\"noreferrer noopener\" aria-label=\"Bericht und Fotos (\u00f6ffnet in neuem Tab)\" href=\"https:\/\/www.artland-gymnasium.de\/wordpress\/2020\/03\/29\/besuch-der-handwerkskammer\/\" target=\"_blank\">Bericht und Fotos<\/a> <\/p>\n\n\n\n<p><strong>Berufsorientierungstage (Jahrgang 11)<\/strong><br>Jahre 2017 &amp; 2019: <a href=\"https:\/\/www.artland-gymnasium.de\/wordpress\/2020\/03\/29\/berufsorientierungstage\/\">Bericht und Fotos<\/a><\/p>\n\n\n\n<p><strong>Besuch des\u00a0<a href=\"files\/Berufsorientierung\/hit_osnabrueck_2018_flyer.jpg\" target=\"_blank\" rel=\"noreferrer noopener\">Hochschulinformationstages<\/a> (HIT; Jahrgang Q1)<\/strong><br>29.05.2018: <a href=\"http:\/\/www.artland-gymnasium.de\/?page=741\">Bericht und Fotos<\/a><br>23.11.2023: Bericht und Fotos<\/p>\n\n\n\n<h2 class=\"wp-block-heading\" id=\"weitere-informationen-zur-berufsorientierung-am-artland-gymnasium\"><br><strong>Weitere Informationen zur Berufsorientierung am Artland-Gymnasium<\/strong><\/h2>\n\n\n\n<p><strong>Download<\/strong><\/p>\n\n\n\n<div class=\"wp-block-file\"><a id=\"wp-block-file--media-3ebd49ca-a149-4c85-b976-a3ad229d6180\" href=\"https:\/\/www.artland-gymnasium.de\/wordpress\/wp-content\/uploads\/2023\/09\/Konzept-zur-Studien-und-Berufswahl-AGQ.pdf\" target=\"_blank\" rel=\"noreferrer noopener\">Konzept zur Studien- und Berufswahl AGQ<\/a><a href=\"https:\/\/www.artland-gymnasium.de\/wordpress\/wp-content\/uploads\/2023\/09\/Konzept-zur-Studien-und-Berufswahl-AGQ.pdf\" class=\"wp-block-file__button wp-element-button\" download aria-describedby=\"wp-block-file--media-3ebd49ca-a149-4c85-b976-a3ad229d6180\"><mark style=\"background-color:#ffffff\" class=\"has-inline-color has-accent-color\">Herunterladen<\/mark><\/a><\/div>\n\n\n\n<div class=\"wp-block-file\"><a id=\"wp-block-file--media-002b4e4d-3d74-4a84-86d4-b502671638de\" href=\"https:\/\/www.artland-gymnasium.de\/wordpress\/wp-content\/uploads\/2020\/03\/zertifikat_beschreibung.pdf\" target=\"_blank\" rel=\"noreferrer noopener\">Informationen zum Zertifikat<\/a><a href=\"https:\/\/www.artland-gymnasium.de\/wordpress\/wp-content\/uploads\/2020\/03\/zertifikat_beschreibung.pdf\" class=\"wp-block-file__button wp-element-button\" download aria-describedby=\"wp-block-file--media-002b4e4d-3d74-4a84-86d4-b502671638de\"><mark style=\"background-color:#ffffff\" class=\"has-inline-color has-accent-color\">Herunterladen<\/mark><\/a><\/div>\n\n\n\n<div class=\"wp-block-file\"><a id=\"wp-block-file--media-f6ee70e8-9c93-4a0b-9b49-4f967cb7eaa4\" href=\"https:\/\/www.artland-gymnasium.de\/wordpress\/wp-content\/uploads\/2020\/03\/zerbo_urkunde.pdf\" target=\"_blank\" rel=\"noreferrer noopener\">Zertifikat zur Berufsorientierung (Zerbo)<\/a><a href=\"https:\/\/www.artland-gymnasium.de\/wordpress\/wp-content\/uploads\/2020\/03\/zerbo_urkunde.pdf\" class=\"wp-block-file__button wp-element-button\" download aria-describedby=\"wp-block-file--media-f6ee70e8-9c93-4a0b-9b49-4f967cb7eaa4\"><mark style=\"background-color:#ffffff\" class=\"has-inline-color has-accent-color\">Herunterladen<\/mark><\/a><\/div>\n\n\n\n<div class=\"wp-block-file\"><a id=\"wp-block-file--media-0f16491a-b4b0-42e7-9421-c02d4eb0aaa8\" href=\"https:\/\/www.artland-gymnasium.de\/wordpress\/wp-content\/uploads\/2020\/03\/zerbo_teilnahmebescheinigung.pdf\" target=\"_blank\" rel=\"noreferrer noopener\">Teilnahmebescheinigung (Zerbo)<\/a><a href=\"https:\/\/www.artland-gymnasium.de\/wordpress\/wp-content\/uploads\/2020\/03\/zerbo_teilnahmebescheinigung.pdf\" class=\"wp-block-file__button wp-element-button\" download aria-describedby=\"wp-block-file--media-0f16491a-b4b0-42e7-9421-c02d4eb0aaa8\"><mark style=\"background-color:#ffffff\" class=\"has-inline-color has-accent-color\">Herunterladen<\/mark><\/a><\/div>\n\n\n\n<p><br><strong>Berufsorientierung praktisch &#8211; Informationen zum Betriebspraktikum<\/strong><\/p>\n\n\n\n<div class=\"wp-block-file\"><a id=\"wp-block-file--media-80ffa7ef-d89a-4ca4-9db3-b19baabed132\" href=\"https:\/\/www.artland-gymnasium.de\/wordpress\/wp-content\/uploads\/2020\/03\/Homepage-Bewerbungstipps.pdf\" target=\"_blank\" rel=\"noreferrer noopener\">Bewerbungstipps f\u00fcr das Praktikum<\/a><a href=\"https:\/\/www.artland-gymnasium.de\/wordpress\/wp-content\/uploads\/2020\/03\/Homepage-Bewerbungstipps.pdf\" class=\"wp-block-file__button wp-element-button\" download aria-describedby=\"wp-block-file--media-80ffa7ef-d89a-4ca4-9db3-b19baabed132\"><mark style=\"background-color:#ffffff\" class=\"has-inline-color has-accent-color\">Herunterladen<\/mark><\/a><\/div>\n\n\n\n<div class=\"wp-block-file\"><a id=\"wp-block-file--media-70304a2d-0885-4349-995e-256e46735ad7\" href=\"https:\/\/www.artland-gymnasium.de\/wordpress\/wp-content\/uploads\/2020\/03\/berufsorientierung_leitfaden_wahl_praktikumsplatz.pdf\" target=\"_blank\" rel=\"noreferrer noopener\">Leitfaden zur Wahl eines Praktikumsplatzes<\/a><a href=\"https:\/\/www.artland-gymnasium.de\/wordpress\/wp-content\/uploads\/2020\/03\/berufsorientierung_leitfaden_wahl_praktikumsplatz.pdf\" class=\"wp-block-file__button wp-element-button\" download aria-describedby=\"wp-block-file--media-70304a2d-0885-4349-995e-256e46735ad7\"><mark style=\"background-color:#ffffff\" class=\"has-inline-color has-accent-color\">Herunterladen<\/mark><\/a><\/div>\n\n\n\n<div class=\"wp-block-file\"><a id=\"wp-block-file--media-40974bf1-eb88-4c96-9042-0e9894cd71d5\" href=\"https:\/\/www.artland-gymnasium.de\/wordpress\/wp-content\/uploads\/2020\/03\/Homepage-Betriebspraktikum-Elterninfo-Jahrgang-11.pdf\" target=\"_blank\" rel=\"noreferrer noopener\">Informationen f\u00fcr Eltern zum Betriebspraktikum<\/a><a href=\"https:\/\/www.artland-gymnasium.de\/wordpress\/wp-content\/uploads\/2020\/03\/Homepage-Betriebspraktikum-Elterninfo-Jahrgang-11.pdf\" class=\"wp-block-file__button wp-element-button\" download aria-describedby=\"wp-block-file--media-40974bf1-eb88-4c96-9042-0e9894cd71d5\"><mark style=\"background-color:#ffffff\" class=\"has-inline-color has-accent-color\">Herunterladen<\/mark><\/a><\/div>\n\n\n\n<div class=\"wp-block-file\"><a id=\"wp-block-file--media-eb4d072e-345d-4662-95da-7004cea31656\" href=\"https:\/\/www.artland-gymnasium.de\/wordpress\/wp-content\/uploads\/2020\/03\/rueckmeldung_praktikum.jpg\" target=\"_blank\" rel=\"noreferrer noopener\">R\u00fcckmeldung Praktikum (Beurteilungsbogen)<\/a><a href=\"https:\/\/www.artland-gymnasium.de\/wordpress\/wp-content\/uploads\/2020\/03\/rueckmeldung_praktikum.jpg\" class=\"wp-block-file__button wp-element-button\" download aria-describedby=\"wp-block-file--media-eb4d072e-345d-4662-95da-7004cea31656\"><mark style=\"background-color:#ffffff\" class=\"has-inline-color has-accent-color\">Herunterladen<\/mark><\/a><\/div>\n\n\n\n<p><br><strong>Netzwerk AGQ-Wirtschaft<\/strong><\/p>\n\n\n\n<figure class=\"wp-block-image size-full\"><img loading=\"lazy\" decoding=\"async\" width=\"841\" height=\"595\" src=\"https:\/\/www.artland-gymnasium.de\/wordpress\/wp-content\/uploads\/2020\/03\/logos_seite_12_2023.jpg\" alt=\"\" class=\"wp-image-9446\" srcset=\"https:\/\/www.artland-gymnasium.de\/wordpress\/wp-content\/uploads\/2020\/03\/logos_seite_12_2023.jpg 841w, https:\/\/www.artland-gymnasium.de\/wordpress\/wp-content\/uploads\/2020\/03\/logos_seite_12_2023-300x212.jpg 300w, https:\/\/www.artland-gymnasium.de\/wordpress\/wp-content\/uploads\/2020\/03\/logos_seite_12_2023-768x543.jpg 768w\" sizes=\"auto, (max-width: 841px) 100vw, 841px\" \/><\/figure>\n\n\n\n<p><div class=\"responsive-embed-container\">[iframe src=&#8220;https:\/\/nds.edumaps.de\/24224\/74219\/7tdj19uv97&#8243; width=&#8220;100%&#8220; height=&#8220;500&#8243;]<\/div><\/p>\n","protected":false},"excerpt":{"rendered":"<p>Die Website mit obenstehender EduMap finden Sie hier oder \u00fcber unterstehenden qr-Code. G\u00fctesiegel &#8222;Startklar f\u00fcr den Beruf &#8211; Weser-Ems macht Schule&#8220; Das Artland-Gymnasium hat im Dezember 2023 das G\u00fctesiegel \u201eStartklar<\/p>\n","protected":false},"author":3,"featured_media":0,"comment_status":"closed","ping_status":"open","sticky":false,"template":"","format":"standard","meta":{"ngg_post_thumbnail":0,"footnotes":""},"categories":[1],"tags":[],"class_list":["post-404","post","type-post","status-publish","format-standard","hentry","category-allgemein","comments-off"],"_links":{"self":[{"href":"https:\/\/www.artland-gymnasium.de\/wordpress\/wp-json\/wp\/v2\/posts\/404","targetHints":{"allow":["GET"]}}],"collection":[{"href":"https:\/\/www.artland-gymnasium.de\/wordpress\/wp-json\/wp\/v2\/posts"}],"about":[{"href":"https:\/\/www.artland-gymnasium.de\/wordpress\/wp-json\/wp\/v2\/types\/post"}],"author":[{"embeddable":true,"href":"https:\/\/www.artland-gymnasium.de\/wordpress\/wp-json\/wp\/v2\/users\/3"}],"replies":[{"embeddable":true,"href":"https:\/\/www.artland-gymnasium.de\/wordpress\/wp-json\/wp\/v2\/comments?post=404"}],"version-history":[{"count":24,"href":"https:\/\/www.artland-gymnasium.de\/wordpress\/wp-json\/wp\/v2\/posts\/404\/revisions"}],"predecessor-version":[{"id":9464,"href":"https:\/\/www.artland-gymnasium.de\/wordpress\/wp-json\/wp\/v2\/posts\/404\/revisions\/9464"}],"wp:attachment":[{"href":"https:\/\/www.artland-gymnasium.de\/wordpress\/wp-json\/wp\/v2\/media?parent=404"}],"wp:term":[{"taxonomy":"category","embeddable":true,"href":"https:\/\/www.artland-gymnasium.de\/wordpress\/wp-json\/wp\/v2\/categories?post=404"},{"taxonomy":"post_tag","embeddable":true,"href":"https:\/\/www.artland-gymnasium.de\/wordpress\/wp-json\/wp\/v2\/tags?post=404"}],"curies":[{"name":"wp","href":"https:\/\/api.w.org\/{rel}","templated":true}]}}