{"id":567,"date":"2024-02-12T15:24:36","date_gmt":"2024-02-12T14:24:36","guid":{"rendered":"http:\/\/www.artland-gymnasium.de\/wordpress\/?p=567"},"modified":"2025-08-14T16:25:46","modified_gmt":"2025-08-14T14:25:46","slug":"fachgruppe-chemie","status":"publish","type":"post","link":"https:\/\/www.artland-gymnasium.de\/wordpress\/2024\/02\/12\/fachgruppe-chemie\/","title":{"rendered":"Fachgruppe Chemie"},"content":{"rendered":"\n<h2 class=\"wp-block-heading\">1. Das Fach Chemie und die Mitglieder der Fachgruppe<\/h2>\n\n\n<div class=\"wp-block-image\">\n<figure class=\"aligncenter size-full\"><img loading=\"lazy\" decoding=\"async\" width=\"800\" height=\"600\" src=\"https:\/\/www.artland-gymnasium.de\/wordpress\/wp-content\/uploads\/2023\/01\/Chemie_2023.jpg\" alt=\"\" class=\"wp-image-9206\" srcset=\"https:\/\/www.artland-gymnasium.de\/wordpress\/wp-content\/uploads\/2023\/01\/Chemie_2023.jpg 800w, https:\/\/www.artland-gymnasium.de\/wordpress\/wp-content\/uploads\/2023\/01\/Chemie_2023-300x225.jpg 300w, https:\/\/www.artland-gymnasium.de\/wordpress\/wp-content\/uploads\/2023\/01\/Chemie_2023-768x576.jpg 768w, https:\/\/www.artland-gymnasium.de\/wordpress\/wp-content\/uploads\/2023\/01\/Chemie_2023-600x450.jpg 600w\" sizes=\"auto, (max-width: 800px) 100vw, 800px\" \/><\/figure>\n<\/div>\n\n\n<p><strong>Die Fachgruppe Chemie:<\/strong><\/p>\n\n\n\n<ul class=\"wp-block-list\">\n<li> Heike Geers (Chemie, Mathematik)<\/li>\n\n\n\n<li>Dr. Thomas Gr\u00fc\u00df-Niehaus (Chemie, Mathematik)<\/li>\n\n\n\n<li>Dr. Andreas Herrmann (Chemie, Physik;&nbsp;<em>Fachobmann<\/em>)<\/li>\n\n\n\n<li>Kathrin Honerkamp (Chemie, Physik)<\/li>\n\n\n\n<li>Holger Honkomp (Chemie, Physik)<\/li>\n\n\n\n<li>Katrin Korfhage-Nacke (Chemie, Deutsch)<\/li>\n\n\n\n<li>Christine Nyhuis (Chemie, Mathematik)<\/li>\n\n\n\n<li>Griseldis Strothmann (Chemie, Biologie)<\/li>\n<\/ul>\n\n\n\n<p><strong>Fachvorstellung<\/strong><br>Chemie ist eine Naturwissenschaft, die sich mit dem Aufbau, der Eigenschaft und der Umwandlung von Stoffen besch\u00e4ftigt. Es ist somit die Aufgabe des Chemieunterrichts, einen Einblick in stoffliche Zusammensetzung, Stoffgruppen und stoffliche Vorg\u00e4nge der Natur zu geben. Stoffumwandlungen in der belebten und unbelebten Natur beruhen ebenfalls auf chemischen Reaktionen und sollten als solche erkannt werden k\u00f6nnen. Es werden ferner inhaltliche Verkn\u00fcpfungen zu den anderen naturwissenschaftlichen F\u00e4chern Physik (-&gt; Energie, Atomphysik), Biologie (-&gt; Katalyse, Fotosynthese, Atmung, Stoffkreisl\u00e4ufe) und Mathematik (-&gt; chemisches Rechnen) hergestellt.<\/p>\n\n\n\n<p>Ebenso sollte aus der Vermittlung naturwissenschaftlicher Erkenntnisse Verst\u00e4ndnis f\u00fcr die moderne Technik und eine positive Einstellung dazu aufgebaut werden, da gerade die Chemie durch Einf\u00fchrung neuer Produkte einen wesentlichen Beitrag zur Verbesserung der Lebensbedingungen des Menschen geleistet hat. Der Chemieunterricht dient letztlich auch dazu, die Sch\u00fcler zu m\u00fcndigen Verbrauchern zu erziehen.<\/p>\n\n\n\n<p><strong>Unterrichtsorganisation<\/strong><br>Der Unterricht findet in der Klasse 5 im ersten oder im zweiten Halbjahr zweist\u00fcndig, in den Klassen 7 und 8 sowie in den Klasse 10 und 11 zweist\u00fcndig statt.<\/p>\n\n\n\n<h2 class=\"wp-block-heading\">2. Stoffverteilungspl\u00e4ne<\/h2>\n\n\n\n<div class=\"wp-block-file\"><a id=\"wp-block-file--media-848f4eff-049f-414d-bea3-8557dcd1e68f\" href=\"https:\/\/www.artland-gymnasium.de\/wordpress\/wp-content\/uploads\/2020\/03\/sa_chemie_5_6.pdf\" target=\"_blank\" rel=\"noreferrer noopener\">Informationen zu den Jahrg\u00e4ngen 5 und 6<\/a><\/div>\n\n\n\n<div class=\"wp-block-file\"><a id=\"wp-block-file--media-454d9969-d34e-43e3-8fbf-768dcc201fb4\" href=\"https:\/\/www.artland-gymnasium.de\/wordpress\/wp-content\/uploads\/2023\/08\/schulcrriculum_7_8.pdf\" target=\"_blank\" rel=\"noreferrer noopener\">Informationen zu den Jahrg\u00e4ngen 7 und 8<\/a><\/div>\n\n\n\n<div class=\"wp-block-file\"><a id=\"wp-block-file--media-5a6c06f7-1f42-480d-98d7-1a6b25ca2ac3\" href=\"https:\/\/www.artland-gymnasium.de\/wordpress\/wp-content\/uploads\/2023\/08\/schulcrriculum_9_10.pdf\" target=\"_blank\" rel=\"noreferrer noopener\">Informationen zu den Jahrg\u00e4ngen 9 und 10<\/a><\/div>\n\n\n\n<div class=\"wp-block-file\"><a id=\"wp-block-file--media-22a852bd-b66d-424d-bbd7-17a6dd5f7bb6\" href=\"https:\/\/www.artland-gymnasium.de\/wordpress\/wp-content\/uploads\/2023\/08\/schulcurriculum_11.pdf\" target=\"_blank\" rel=\"noreferrer noopener\">Informationen zum Jahrgang 11<\/a><\/div>\n\n\n\n<div class=\"wp-block-file\"><a id=\"wp-block-file--media-648c16c9-a5f2-4b6e-ad60-159716e621cd\" href=\"https:\/\/www.artland-gymnasium.de\/wordpress\/wp-content\/uploads\/2020\/03\/sa_chemie_5_6.pdf\" target=\"_blank\" rel=\"noreferrer noopener\">Informationen zum Jahrgang Q2 (Abitur 2024)<\/a><\/div>\n\n\n\n<div class=\"wp-block-file\"><a id=\"wp-block-file--media-08b724b3-7cb1-4246-8cbf-789057eaca55\" href=\"https:\/\/www.artland-gymnasium.de\/wordpress\/wp-content\/uploads\/2023\/11\/Schuleigener_Verlaufsplan_Chemie_Q-Phase_2023.pdf\" target=\"_blank\" rel=\"noreferrer noopener\">Informationen zum Jahrgang Q1 (Abitur 2025)<\/a><\/div>\n\n\n\n<h2 class=\"wp-block-heading\">3. Lehrbuch und weitere Arbeitsmaterialien<\/h2>\n\n\n\n<p><strong>Jg. 7 bis 8:<\/strong><br>Chemie 1 (Chemie f\u00fcr die Jahrgangsstufen 5 bis 8), C.C.Buchner Verlag, ISBN 978-3-661-05071-3<br><strong>Jg. 9 bis 10:<\/strong><br>Chemie 2 (Chemie f\u00fcr die Jahrgangsstufen 9 und 10), C.C.Buchner Verlag, ISBN 978-3-661-05072-0<br><br><strong>Jg. 11 (Einf\u00fchrungsphase):<\/strong><br>Chemie Niedersachsen Einf\u00fchrungsphase, C.C.Buchner Verlag, ISBN 978-3-661-06021-7 <br><br><strong>Jg. 12\/13 (Qualifikationsphase):<\/strong><br>Chemie Niedersachsen Qualifikationsphase, C.C.Buchner Verlag, ISBN 978-3-661-06022-4 <\/p>\n\n\n\n<h2 class=\"wp-block-heading\">4. Leistungsbewertung<\/h2>\n\n\n\n<div class=\"wp-block-file\"><a id=\"wp-block-file--media-8b387e85-073f-41a0-8e01-9c67627c9023\" href=\"https:\/\/www.artland-gymnasium.de\/wordpress\/wp-content\/uploads\/2020\/03\/bewertungsmassstaebe_2019.pdf\" target=\"_blank\" rel=\"noreferrer noopener\">\u00dcbersicht \u00fcber die Kriterien der Leistungsbewertung<\/a><\/div>\n\n\n\n<h2 class=\"wp-block-heading\">5. Wettbewerbe, Exkursionen, Arbeitsgemeinschaften<\/h2>\n\n\n\n<p>Teilnahme an der Preisverleihung Angelus-Sala-Preis der Uni Oldenburg f\u00fcr den\/die beste Sch\u00fclerIn in Chemie im Jg. 10.<br>Teilnahme an der Preisverleihung der Gesellschaft Deutscher Chemiker f\u00fcr das beste Chemie-Abitur<\/p>\n\n\n\n<h2 class=\"wp-block-heading\">6. Links<\/h2>\n\n\n\n<ul class=\"wp-block-list\">\n<li><a href=\"https:\/\/cuvo.nibis.de\/index.php?p=detail_view&amp;docid=1572&amp;k0_0=Dokumentenart&amp;v0_0=Kerncurriculum&amp;k0_1=Fach&amp;v0_1=Chemie\" target=\"_blank\" rel=\"noreferrer noopener\">Kerncurriculum Sek I<\/a>&nbsp;<\/li>\n\n\n\n<li><a href=\"https:\/\/cuvo.nibis.de\/index.php?p=detail_view&amp;docid=1070&amp;k0_0=Dokumentenart&amp;v0_0=Kerncurriculum&amp;k0_1=Fach&amp;v0_1=Chemie\" target=\"_blank\" rel=\"noreferrer noopener\">Kerncurriculum Sek II<\/a> (bis Abitur 2024)<\/li>\n\n\n\n<li><a href=\"https:\/\/cuvo.nibis.de\/index.php?p=detail_view&amp;docid=1516&amp;k0_0=Schulbereich&amp;v0_0=Sek%20II&amp;k0_1=Schulform&amp;v0_1=Gymnasiale%20Oberstufe%20-%20Gymnasium&amp;k0_2=Fach&amp;v0_2=Chemie\" target=\"_blank\" rel=\"noreferrer noopener\">Kerncurriculum Sek II<\/a> (ab Abitur 2025)<\/li>\n\n\n\n<li><a href=\"https:\/\/cuvo.nibis.de\/index.php?p=detail_view&amp;docid=1335&amp;k0_0=Dokumentenart&amp;v0_0=Bildungsstandards&amp;k0_1=Fach&amp;v0_1=Chemie\" target=\"_blank\" rel=\"noreferrer noopener\">Bildungsstandards f\u00fcr die Sek II<\/a> <\/li>\n\n\n\n<li><a href=\"https:\/\/nibis.de\/nli1\/gohrgs\/operatoren\/operatoren_ab_2012\/op09_10NW.pdf\" target=\"_blank\" rel=\"noreferrer noopener\" aria-label=\" (\u00f6ffnet in neuem Tab)\">Operatoren<\/a><\/li>\n<\/ul>\n\n\n\n<h2 class=\"wp-block-heading\">7. Besonderes<\/h2>\n\n\n\n<p><strong>Tag der offenen T\u00fcr &#8211; Zeit f\u00fcr einen gro\u00dfen Reigen bunter Experimente<\/strong><\/p>\n\n\n\n<figure class=\"wp-block-video aligncenter\" style=\"padding-top:0;padding-right:var(--wp--preset--spacing--80);padding-bottom:0;padding-left:var(--wp--preset--spacing--80)\"><video height=\"576\" style=\"aspect-ratio: 720 \/ 576;\" width=\"720\" controls src=\"https:\/\/www.artland-gymnasium.de\/wordpress\/wp-content\/uploads\/2024\/02\/Schiessbaumwolle-2024.mp4\"><\/video><figcaption class=\"wp-element-caption\">Eine &#8222;mutige Hand&#8220; am Tag der offenen T\u00fcr 2024<\/figcaption><\/figure>\n\n\n<div class=\"wp-block-image\">\n<figure class=\"aligncenter size-large\"><img loading=\"lazy\" decoding=\"async\" width=\"600\" height=\"400\" src=\"https:\/\/www.artland-gymnasium.de\/wordpress\/wp-content\/uploads\/2020\/03\/image-12.png\" alt=\"\" class=\"wp-image-652\" srcset=\"https:\/\/www.artland-gymnasium.de\/wordpress\/wp-content\/uploads\/2020\/03\/image-12.png 600w, https:\/\/www.artland-gymnasium.de\/wordpress\/wp-content\/uploads\/2020\/03\/image-12-300x200.png 300w\" sizes=\"auto, (max-width: 600px) 100vw, 600px\" \/><figcaption class=\"wp-element-caption\">Es brodelt&#8230;.<\/figcaption><\/figure>\n<\/div>\n\n<div class=\"wp-block-image\">\n<figure class=\"aligncenter size-large\"><img loading=\"lazy\" decoding=\"async\" width=\"600\" height=\"400\" src=\"https:\/\/www.artland-gymnasium.de\/wordpress\/wp-content\/uploads\/2020\/03\/image-11.png\" alt=\"\" class=\"wp-image-651\" srcset=\"https:\/\/www.artland-gymnasium.de\/wordpress\/wp-content\/uploads\/2020\/03\/image-11.png 600w, https:\/\/www.artland-gymnasium.de\/wordpress\/wp-content\/uploads\/2020\/03\/image-11-300x200.png 300w\" sizes=\"auto, (max-width: 600px) 100vw, 600px\" \/><figcaption class=\"wp-element-caption\">&#8230;und es werden noch die letzten Vorbereitungen getroffen&#8230;.<\/figcaption><\/figure>\n<\/div>\n\n<div class=\"wp-block-image\">\n<figure class=\"aligncenter size-large\"><img loading=\"lazy\" decoding=\"async\" width=\"600\" height=\"400\" src=\"https:\/\/www.artland-gymnasium.de\/wordpress\/wp-content\/uploads\/2020\/03\/image-10.png\" alt=\"\" class=\"wp-image-650\" srcset=\"https:\/\/www.artland-gymnasium.de\/wordpress\/wp-content\/uploads\/2020\/03\/image-10.png 600w, https:\/\/www.artland-gymnasium.de\/wordpress\/wp-content\/uploads\/2020\/03\/image-10-300x200.png 300w\" sizes=\"auto, (max-width: 600px) 100vw, 600px\" \/><figcaption class=\"wp-element-caption\">&#8230;.bevor dann die ersten Mitmach-Experimente die Augen zum Leuchten bringen&#8230;.<\/figcaption><\/figure>\n<\/div>\n\n<div class=\"wp-block-image\">\n<figure class=\"aligncenter size-large\"><img loading=\"lazy\" decoding=\"async\" width=\"600\" height=\"400\" src=\"https:\/\/www.artland-gymnasium.de\/wordpress\/wp-content\/uploads\/2020\/03\/image-9.png\" alt=\"\" class=\"wp-image-649\" srcset=\"https:\/\/www.artland-gymnasium.de\/wordpress\/wp-content\/uploads\/2020\/03\/image-9.png 600w, https:\/\/www.artland-gymnasium.de\/wordpress\/wp-content\/uploads\/2020\/03\/image-9-300x200.png 300w\" sizes=\"auto, (max-width: 600px) 100vw, 600px\" \/><figcaption class=\"wp-element-caption\">&#8230;. und die Funken fliegen&#8230;&nbsp;<\/figcaption><\/figure>\n<\/div>\n\n<div class=\"wp-block-image\">\n<figure class=\"aligncenter size-large\"><img loading=\"lazy\" decoding=\"async\" width=\"600\" height=\"400\" src=\"https:\/\/www.artland-gymnasium.de\/wordpress\/wp-content\/uploads\/2020\/03\/image-8.png\" alt=\"\" class=\"wp-image-648\" srcset=\"https:\/\/www.artland-gymnasium.de\/wordpress\/wp-content\/uploads\/2020\/03\/image-8.png 600w, https:\/\/www.artland-gymnasium.de\/wordpress\/wp-content\/uploads\/2020\/03\/image-8-300x200.png 300w\" sizes=\"auto, (max-width: 600px) 100vw, 600px\" \/><figcaption class=\"wp-element-caption\">&#8230;. was die Lehrer&#8230;&nbsp;<\/figcaption><\/figure>\n<\/div>\n\n<div class=\"wp-block-image\">\n<figure class=\"aligncenter size-large\"><img loading=\"lazy\" decoding=\"async\" width=\"600\" height=\"400\" src=\"https:\/\/www.artland-gymnasium.de\/wordpress\/wp-content\/uploads\/2020\/03\/image-7.png\" alt=\"\" class=\"wp-image-647\" srcset=\"https:\/\/www.artland-gymnasium.de\/wordpress\/wp-content\/uploads\/2020\/03\/image-7.png 600w, https:\/\/www.artland-gymnasium.de\/wordpress\/wp-content\/uploads\/2020\/03\/image-7-300x200.png 300w\" sizes=\"auto, (max-width: 600px) 100vw, 600px\" \/><figcaption class=\"wp-element-caption\">&#8230; und die jungen Besucher gleicherma\u00dfen begeistert&#8230;.<\/figcaption><\/figure>\n<\/div>\n\n<div class=\"wp-block-image\">\n<figure class=\"aligncenter size-large\"><img loading=\"lazy\" decoding=\"async\" width=\"600\" height=\"400\" src=\"https:\/\/www.artland-gymnasium.de\/wordpress\/wp-content\/uploads\/2020\/03\/image-6.png\" alt=\"\" class=\"wp-image-646\" srcset=\"https:\/\/www.artland-gymnasium.de\/wordpress\/wp-content\/uploads\/2020\/03\/image-6.png 600w, https:\/\/www.artland-gymnasium.de\/wordpress\/wp-content\/uploads\/2020\/03\/image-6-300x200.png 300w\" sizes=\"auto, (max-width: 600px) 100vw, 600px\" \/><figcaption class=\"wp-element-caption\">&#8230;. bevor dann kurz vor Ende das Gummib\u00e4rchen in der H\u00f6lle schmort&#8230;&nbsp;<\/figcaption><\/figure>\n<\/div>\n\n<div class=\"wp-block-image\">\n<figure class=\"aligncenter size-large\"><img loading=\"lazy\" decoding=\"async\" width=\"600\" height=\"400\" src=\"https:\/\/www.artland-gymnasium.de\/wordpress\/wp-content\/uploads\/2020\/03\/image-5.png\" alt=\"\" class=\"wp-image-645\" srcset=\"https:\/\/www.artland-gymnasium.de\/wordpress\/wp-content\/uploads\/2020\/03\/image-5.png 600w, https:\/\/www.artland-gymnasium.de\/wordpress\/wp-content\/uploads\/2020\/03\/image-5-300x200.png 300w\" sizes=\"auto, (max-width: 600px) 100vw, 600px\" \/><figcaption class=\"wp-element-caption\">&#8230;. und die letzten bunten Flammen erl\u00f6schen&#8230;.<\/figcaption><\/figure>\n<\/div>","protected":false},"excerpt":{"rendered":"<p>1. Das Fach Chemie und die Mitglieder der Fachgruppe Die Fachgruppe Chemie: FachvorstellungChemie ist eine Naturwissenschaft, die sich mit dem Aufbau, der Eigenschaft und der Umwandlung von Stoffen besch\u00e4ftigt. Es<\/p>\n","protected":false},"author":3,"featured_media":0,"comment_status":"closed","ping_status":"open","sticky":false,"template":"","format":"standard","meta":{"ngg_post_thumbnail":0,"footnotes":""},"categories":[5],"tags":[],"class_list":["post-567","post","type-post","status-publish","format-standard","hentry","category-fachgruppen","comments-off"],"_links":{"self":[{"href":"https:\/\/www.artland-gymnasium.de\/wordpress\/wp-json\/wp\/v2\/posts\/567","targetHints":{"allow":["GET"]}}],"collection":[{"href":"https:\/\/www.artland-gymnasium.de\/wordpress\/wp-json\/wp\/v2\/posts"}],"about":[{"href":"https:\/\/www.artland-gymnasium.de\/wordpress\/wp-json\/wp\/v2\/types\/post"}],"author":[{"embeddable":true,"href":"https:\/\/www.artland-gymnasium.de\/wordpress\/wp-json\/wp\/v2\/users\/3"}],"replies":[{"embeddable":true,"href":"https:\/\/www.artland-gymnasium.de\/wordpress\/wp-json\/wp\/v2\/comments?post=567"}],"version-history":[{"count":30,"href":"https:\/\/www.artland-gymnasium.de\/wordpress\/wp-json\/wp\/v2\/posts\/567\/revisions"}],"predecessor-version":[{"id":15760,"href":"https:\/\/www.artland-gymnasium.de\/wordpress\/wp-json\/wp\/v2\/posts\/567\/revisions\/15760"}],"wp:attachment":[{"href":"https:\/\/www.artland-gymnasium.de\/wordpress\/wp-json\/wp\/v2\/media?parent=567"}],"wp:term":[{"taxonomy":"category","embeddable":true,"href":"https:\/\/www.artland-gymnasium.de\/wordpress\/wp-json\/wp\/v2\/categories?post=567"},{"taxonomy":"post_tag","embeddable":true,"href":"https:\/\/www.artland-gymnasium.de\/wordpress\/wp-json\/wp\/v2\/tags?post=567"}],"curies":[{"name":"wp","href":"https:\/\/api.w.org\/{rel}","templated":true}]}}