{"id":573,"date":"2020-03-25T10:16:27","date_gmt":"2020-03-25T09:16:27","guid":{"rendered":"http:\/\/www.artland-gymnasium.de\/wordpress\/?p=573"},"modified":"2025-08-13T12:21:19","modified_gmt":"2025-08-13T10:21:19","slug":"fachgruppe-musik","status":"publish","type":"post","link":"https:\/\/www.artland-gymnasium.de\/wordpress\/2020\/03\/25\/fachgruppe-musik\/","title":{"rendered":"Fachgruppe Musik"},"content":{"rendered":"\n<h2 class=\"wp-block-heading\">1. Das Fach Musik und die Mitglieder der Fachgruppe<\/h2>\n\n\n<div class=\"wp-block-image\">\n<figure class=\"aligncenter size-large\"><img loading=\"lazy\" decoding=\"async\" width=\"1024\" height=\"683\" src=\"https:\/\/www.artland-gymnasium.de\/wordpress\/wp-content\/uploads\/2020\/03\/Fachgruppe-Musik-2025-1024x683.jpg\" alt=\"\" class=\"wp-image-15687\" srcset=\"https:\/\/www.artland-gymnasium.de\/wordpress\/wp-content\/uploads\/2020\/03\/Fachgruppe-Musik-2025-1024x683.jpg 1024w, https:\/\/www.artland-gymnasium.de\/wordpress\/wp-content\/uploads\/2020\/03\/Fachgruppe-Musik-2025-300x200.jpg 300w, https:\/\/www.artland-gymnasium.de\/wordpress\/wp-content\/uploads\/2020\/03\/Fachgruppe-Musik-2025-768x512.jpg 768w, https:\/\/www.artland-gymnasium.de\/wordpress\/wp-content\/uploads\/2020\/03\/Fachgruppe-Musik-2025-1536x1024.jpg 1536w, https:\/\/www.artland-gymnasium.de\/wordpress\/wp-content\/uploads\/2020\/03\/Fachgruppe-Musik-2025-2048x1365.jpg 2048w, https:\/\/www.artland-gymnasium.de\/wordpress\/wp-content\/uploads\/2020\/03\/Fachgruppe-Musik-2025-600x400.jpg 600w\" sizes=\"auto, (max-width: 1024px) 100vw, 1024px\" \/><\/figure>\n<\/div>\n\n\n<p><strong>Die Mitglieder der Fachgruppe<\/strong><\/p>\n\n\n\n<ul class=\"wp-block-list\">\n<li>Dr. Arne Bense (Musik, Biologie; <em>Podcast<\/em>)<\/li>\n\n\n\n<li>Jana Krull (Musik, ev. Religion)<\/li>\n\n\n\n<li>Markus Steiner (Musik, Geschichte; <em>Leiter der Musical-AG; Streicherklassen<\/em>)<\/li>\n\n\n\n<li>Ann-Christin Vogt (Streicher, Erkunde, Deutsch)<\/li>\n\n\n\n<li>Arne Wellinghorst (Musik, Deutsch; <em>Leiter der Schulband;<\/em> <em>Fachobmann<\/em>)<\/li>\n<\/ul>\n\n\n\n<p><strong>Fachvorstellung<\/strong><\/p>\n\n\n\n<figure class=\"wp-block-table\"><table><thead><tr><th>Leitsatz<\/th><th>Leitziele<\/th><th>konkrete Umsetzung im Schulalltag<\/th><\/tr><\/thead><tbody><tr><td>Wir pflegen eine faire und respektvolle Zusammenarbeit und eine offene und transparente Kommunikation.<\/td><td>Wir legen Wert auf ein Wir-Gef\u00fchl und pflegen einen fairen Umgang miteinander.<br><br>Wir arbeiten teamorientiert nach verbindlichen Normen.<\/td><td>&#8211; Verst\u00e4rktes Musizieren im Klassenverband<br><br>&#8211; Jahrgangs\u00fcbergreifende musikpraktische Arbeit in Schulband, Musical-AG und Musical-Orchester-AG<\/td><\/tr><tr><td>Wir f\u00f6rdern die Entwicklung der individuellen Pers\u00f6nlichkeit und st\u00e4rken deren Eigenverantwortlichkeit.<\/td><td>Wir f\u00f6rdern gemeinsam Verbindlichkeit, Verl\u00e4sslichkeit und Kooperationsf\u00e4higkeit.<br>Wir unterst\u00fctzen die Entfaltung individueller F\u00e4higkeiten und Fertigkeiten.<\/td><td>&#8211; Musikarbeitsgemeinschaften (Pr\u00e4sentation in der \u00d6ffentlichkeit durch regelm\u00e4\u00dfige Auftritte)<br><br>&#8211; Schulband-AG&nbsp;<br><br>&#8211; Musical-AG<br><br>&#8211; Musical-Orchester-AG<br><br>&#8211; Streicherklassen (Kooperation mit dem Greselius-Gymnasium Bramsche)<br><\/td><\/tr><tr><td>Wir vermitteln grundlegende Kompetenzen f\u00fcr Studium und Beruf<\/td><td>Wir vermitteln breites, aktuelles Allgemeinwissen und fundiertes Fachwissen.<br><br>Wir entwickeln F\u00f6rderkonzepte entsprechend der St\u00e4rken und Schw\u00e4chen unserer SuS weiter.<\/td><td>Wir unterrichten nach den curricularen Vorgaben und arbeiten f\u00e4cher\u00fcbergreifend zusammen.<br><br>Schulband und Musical-AG sind Teil der Dokumentation zur Bewerbung um das G\u00fctesiegel &#8222;Startklar f\u00fcr den Beruf&#8220;, das dem AGQ im November 2014 und erneut im November 2017 verliehen wurde.<\/td><\/tr><tr><td>Wir kooperieren mit verschiedenen Bildungspartnern in der Region und dar\u00fcber hinaus.<\/td><td>Wir erweitern den Bildungshorizont unserer SuS \u00fcber Schule hinaus.<\/td><td>&#8211; Zusammenarbeit der Schulband mit Profi-Musikern wie Heiner L\u00fcrig, Dirk Darmstaedter, Marcus Rieck und dem Rock- und Popmuseum Gronau.<br><br>&#8211; Kooperation der Musical-AG mit der Hasetalschule sowie der Universit\u00e4t Osnabr\u00fcck (Frau Heidemann).<\/td><\/tr><\/tbody><\/table><\/figure>\n\n\n\n<p><strong>Unterrichtsorganisation<\/strong><br><strong>G9<\/strong>: Das Fach Musik wird in den Jahrg\u00e4ngen 5-8 und im Jahrgang 11 durchgehend zweist\u00fcndig unterrichtet. Im Jahrgang 9 findet kein Musikunterricht statt, im Jahrgang 10 ist er epochal organisiert.&nbsp;<br>Oberstufenunterricht wird als dreist\u00fcndiger Kurs auf grundlegendem Niveau (mit der M\u00f6glichkeit einer P4- oder P5-Pr\u00fcfung im Abitur) angeboten..<\/p>\n\n\n\n<h3 class=\"wp-block-heading\">2. Stoffverteilungsplan<\/h3>\n\n\n\n<p>Die schuleigenen Arbeitspl\u00e4ne f\u00fcr das Fach Musik stehen auf der Homepage zur Einsicht bereit.&nbsp;<\/p>\n\n\n\n<div class=\"wp-block-file\"><a id=\"wp-block-file--media-b014bbbb-ae27-498d-b445-0ed082375dc3\" href=\"https:\/\/www.artland-gymnasium.de\/wordpress\/wp-content\/uploads\/2020\/03\/einheiten_jg_05_06.pdf\" target=\"_blank\" rel=\"noreferrer noopener\">Informationen zu den Jg. 5\/6<\/a><a href=\"https:\/\/www.artland-gymnasium.de\/wordpress\/wp-content\/uploads\/2020\/03\/einheiten_jg_05_06.pdf\" class=\"wp-block-file__button wp-element-button\" download aria-describedby=\"wp-block-file--media-b014bbbb-ae27-498d-b445-0ed082375dc3\">Herunterladen<\/a><\/div>\n\n\n\n<div class=\"wp-block-file\"><a id=\"wp-block-file--media-3ebd5b49-c5de-47e1-a388-13caf92cf1c8\" href=\"https:\/\/www.artland-gymnasium.de\/wordpress\/wp-content\/uploads\/2020\/03\/sa_musik_7.1.pdf\" target=\"_blank\" rel=\"noreferrer noopener\">Klangwelten (7.1)<\/a><a href=\"https:\/\/www.artland-gymnasium.de\/wordpress\/wp-content\/uploads\/2020\/03\/sa_musik_7.1.pdf\" class=\"wp-block-file__button wp-element-button\" download aria-describedby=\"wp-block-file--media-3ebd5b49-c5de-47e1-a388-13caf92cf1c8\">Herunterladen<\/a><\/div>\n\n\n\n<div class=\"wp-block-file\"><a id=\"wp-block-file--media-53395936-79e6-4d9e-952e-7d876ec75b39\" href=\"https:\/\/www.artland-gymnasium.de\/wordpress\/wp-content\/uploads\/2020\/03\/sa_musik_7.2.pdf\" target=\"_blank\" rel=\"noreferrer noopener\">Vom Einklang zum Mehrklang (7.2)<\/a><a href=\"https:\/\/www.artland-gymnasium.de\/wordpress\/wp-content\/uploads\/2020\/03\/sa_musik_7.2.pdf\" class=\"wp-block-file__button wp-element-button\" download aria-describedby=\"wp-block-file--media-53395936-79e6-4d9e-952e-7d876ec75b39\">Herunterladen<\/a><\/div>\n\n\n\n<div class=\"wp-block-file\"><a id=\"wp-block-file--media-f6d0711e-6627-4686-85e0-37d354cdd41e\" href=\"https:\/\/www.artland-gymnasium.de\/wordpress\/wp-content\/uploads\/2020\/03\/sa_musik_7.3.pdf\" target=\"_blank\" rel=\"noreferrer noopener\">Musik als Sprache (7.3)<\/a><a href=\"https:\/\/www.artland-gymnasium.de\/wordpress\/wp-content\/uploads\/2020\/03\/sa_musik_7.3.pdf\" class=\"wp-block-file__button wp-element-button\" download aria-describedby=\"wp-block-file--media-f6d0711e-6627-4686-85e0-37d354cdd41e\">Herunterladen<\/a><\/div>\n\n\n\n<div class=\"wp-block-file\"><a id=\"wp-block-file--media-eb7e96e9-1df4-4433-a816-c651629d5c15\" href=\"https:\/\/www.artland-gymnasium.de\/wordpress\/wp-content\/uploads\/2020\/03\/sa_musik_7.4.pdf\" target=\"_blank\" rel=\"noreferrer noopener\">Musiktheater-Theatermusik (7.4)<\/a><a href=\"https:\/\/www.artland-gymnasium.de\/wordpress\/wp-content\/uploads\/2020\/03\/sa_musik_7.4.pdf\" class=\"wp-block-file__button wp-element-button\" download aria-describedby=\"wp-block-file--media-eb7e96e9-1df4-4433-a816-c651629d5c15\">Herunterladen<\/a><\/div>\n\n\n\n<div class=\"wp-block-file\"><a id=\"wp-block-file--media-7440d679-15fa-4137-b6a0-06ba7737aa17\" href=\"https:\/\/www.artland-gymnasium.de\/wordpress\/wp-content\/uploads\/2020\/03\/sa_musik_8.1.pdf\" target=\"_blank\" rel=\"noreferrer noopener\">Popularmusik (8.1)<\/a><a href=\"https:\/\/www.artland-gymnasium.de\/wordpress\/wp-content\/uploads\/2020\/03\/sa_musik_8.1.pdf\" class=\"wp-block-file__button wp-element-button\" download aria-describedby=\"wp-block-file--media-7440d679-15fa-4137-b6a0-06ba7737aa17\">Herunterladen<\/a><\/div>\n\n\n\n<div class=\"wp-block-file\"><a id=\"wp-block-file--media-32c66e87-edd4-4ee0-a6a5-6a2bbde7ae3f\" href=\"https:\/\/www.artland-gymnasium.de\/wordpress\/wp-content\/uploads\/2020\/03\/sa_musik_8.2.pdf\" target=\"_blank\" rel=\"noreferrer noopener\">Formbildende Abschnitte (8.2)<\/a><a href=\"https:\/\/www.artland-gymnasium.de\/wordpress\/wp-content\/uploads\/2020\/03\/sa_musik_8.2.pdf\" class=\"wp-block-file__button wp-element-button\" download aria-describedby=\"wp-block-file--media-32c66e87-edd4-4ee0-a6a5-6a2bbde7ae3f\">Herunterladen<\/a><\/div>\n\n\n\n<div class=\"wp-block-file\"><a id=\"wp-block-file--media-61954122-d865-4fdc-a509-f70d23fc8260\" href=\"https:\/\/www.artland-gymnasium.de\/wordpress\/wp-content\/uploads\/2020\/03\/sa_musik_8.3.pdf\" target=\"_blank\" rel=\"noreferrer noopener\">Der Blues (8.3)<\/a><a href=\"https:\/\/www.artland-gymnasium.de\/wordpress\/wp-content\/uploads\/2020\/03\/sa_musik_8.3.pdf\" class=\"wp-block-file__button wp-element-button\" download aria-describedby=\"wp-block-file--media-61954122-d865-4fdc-a509-f70d23fc8260\">Herunterladen<\/a><\/div>\n\n\n\n<div class=\"wp-block-file\"><a id=\"wp-block-file--media-199202bf-536e-4a3f-a343-e9acf43564f8\" href=\"https:\/\/www.artland-gymnasium.de\/wordpress\/wp-content\/uploads\/2020\/03\/sa_musik_8.4.pdf\" target=\"_blank\" rel=\"noreferrer noopener\">Die Oper (8.4)<\/a><a href=\"https:\/\/www.artland-gymnasium.de\/wordpress\/wp-content\/uploads\/2020\/03\/sa_musik_8.4.pdf\" class=\"wp-block-file__button wp-element-button\" download aria-describedby=\"wp-block-file--media-199202bf-536e-4a3f-a343-e9acf43564f8\">Herunterladen<\/a><\/div>\n\n\n\n<div class=\"wp-block-file\"><a id=\"wp-block-file--media-e7b35ee6-739a-4075-9660-8c7945fba4c9\" href=\"https:\/\/www.artland-gymnasium.de\/wordpress\/wp-content\/uploads\/2020\/03\/sa_musik_10.1.pdf\" target=\"_blank\" rel=\"noreferrer noopener\">Filmmusik (10.1)<\/a><a href=\"https:\/\/www.artland-gymnasium.de\/wordpress\/wp-content\/uploads\/2020\/03\/sa_musik_10.1.pdf\" class=\"wp-block-file__button wp-element-button\" download aria-describedby=\"wp-block-file--media-e7b35ee6-739a-4075-9660-8c7945fba4c9\">Herunterladen<\/a><\/div>\n\n\n\n<div class=\"wp-block-file\"><a id=\"wp-block-file--media-09a69c5b-12da-4ea6-8cf4-fe5e81fecf03\" href=\"https:\/\/www.artland-gymnasium.de\/wordpress\/wp-content\/uploads\/2020\/03\/sa_musik_10.2.pdf\" target=\"_blank\" rel=\"noreferrer noopener\">Wiederholung Mittelstufen-Musiklehre (10.2)<\/a><a href=\"https:\/\/www.artland-gymnasium.de\/wordpress\/wp-content\/uploads\/2020\/03\/sa_musik_10.2.pdf\" class=\"wp-block-file__button wp-element-button\" download aria-describedby=\"wp-block-file--media-09a69c5b-12da-4ea6-8cf4-fe5e81fecf03\">Herunterladen<\/a><\/div>\n\n\n\n<div class=\"wp-block-file\"><a id=\"wp-block-file--media-446d15ce-d73c-40c9-b5c2-afa6a4b97a38\" href=\"https:\/\/www.artland-gymnasium.de\/wordpress\/wp-content\/uploads\/2020\/03\/sa_musik_10.3.pdf\" target=\"_blank\" rel=\"noreferrer noopener\">Musik und Politik (10.3)<\/a><a href=\"https:\/\/www.artland-gymnasium.de\/wordpress\/wp-content\/uploads\/2020\/03\/sa_musik_10.3.pdf\" class=\"wp-block-file__button wp-element-button\" download aria-describedby=\"wp-block-file--media-446d15ce-d73c-40c9-b5c2-afa6a4b97a38\">Herunterladen<\/a><\/div>\n\n\n\n<div class=\"wp-block-file\"><a id=\"wp-block-file--media-01f7fa4a-9841-4e35-bcc6-cb6d72453acc\" href=\"https:\/\/www.artland-gymnasium.de\/wordpress\/wp-content\/uploads\/2020\/03\/sa_musik_10.4.pdf\" target=\"_blank\" rel=\"noreferrer noopener\">Die Fuge (10.4)<\/a><a href=\"https:\/\/www.artland-gymnasium.de\/wordpress\/wp-content\/uploads\/2020\/03\/sa_musik_10.4.pdf\" class=\"wp-block-file__button wp-element-button\" download aria-describedby=\"wp-block-file--media-01f7fa4a-9841-4e35-bcc6-cb6d72453acc\">Herunterladen<\/a><\/div>\n\n\n\n<div class=\"wp-block-file\"><a id=\"wp-block-file--media-35395944-2462-4a63-be6f-2d9aebd84077\" href=\"https:\/\/www.artland-gymnasium.de\/wordpress\/wp-content\/uploads\/2020\/03\/sa_musik_11.1.pdf\" target=\"_blank\" rel=\"noreferrer noopener\">Die klassische Sinfonie (11.1)<\/a><a href=\"https:\/\/www.artland-gymnasium.de\/wordpress\/wp-content\/uploads\/2020\/03\/sa_musik_11.1.pdf\" class=\"wp-block-file__button wp-element-button\" download aria-describedby=\"wp-block-file--media-35395944-2462-4a63-be6f-2d9aebd84077\">Herunterladen<\/a><\/div>\n\n\n\n<div class=\"wp-block-file\"><a id=\"wp-block-file--media-1560486d-a0e0-4934-9b65-d072db44801d\" href=\"https:\/\/www.artland-gymnasium.de\/wordpress\/wp-content\/uploads\/2020\/03\/sa_musik_11.2.pdf\" target=\"_blank\" rel=\"noreferrer noopener\">Das Kunstlied der Romantik (11.2)<\/a><a href=\"https:\/\/www.artland-gymnasium.de\/wordpress\/wp-content\/uploads\/2020\/03\/sa_musik_11.2.pdf\" class=\"wp-block-file__button wp-element-button\" download aria-describedby=\"wp-block-file--media-1560486d-a0e0-4934-9b65-d072db44801d\">Herunterladen<\/a><\/div>\n\n\n\n<div class=\"wp-block-file\"><a id=\"wp-block-file--media-ac03b697-be6f-4613-81e9-6da36e3a56f1\" href=\"https:\/\/www.artland-gymnasium.de\/wordpress\/wp-content\/uploads\/2020\/03\/sa_musik_11.3.pdf\" target=\"_blank\" rel=\"noreferrer noopener\">Jazz (11.3)<\/a><a href=\"https:\/\/www.artland-gymnasium.de\/wordpress\/wp-content\/uploads\/2020\/03\/sa_musik_11.3.pdf\" class=\"wp-block-file__button wp-element-button\" download aria-describedby=\"wp-block-file--media-ac03b697-be6f-4613-81e9-6da36e3a56f1\">Herunterladen<\/a><\/div>\n\n\n\n<div class=\"wp-block-file\"><a id=\"wp-block-file--media-14ae6eae-b2bb-420b-abb9-78fb2f107be5\" href=\"https:\/\/www.artland-gymnasium.de\/wordpress\/wp-content\/uploads\/2020\/03\/sa_musik_11.4.pdf\" target=\"_blank\" rel=\"noreferrer noopener\">Neue Musik im 20. Jahrhundert (11.4)<\/a><a href=\"https:\/\/www.artland-gymnasium.de\/wordpress\/wp-content\/uploads\/2020\/03\/sa_musik_11.4.pdf\" class=\"wp-block-file__button wp-element-button\" download aria-describedby=\"wp-block-file--media-14ae6eae-b2bb-420b-abb9-78fb2f107be5\">Herunterladen<\/a><\/div>\n\n\n\n<h2 class=\"wp-block-heading\">3. F\u00e4cherverbindende Projekte<\/h2>\n\n\n\n<ul class=\"wp-block-list\">\n<li>Musical-AG (Zusammenarbeit mit den F\u00e4chern Kunst und Sport)<\/li>\n\n\n\n<li>Vorbereitung und Durchf\u00fchrung eines \u00f6kumenischen Gottesdienstes im Jahrgang 6 in Zusammenarbeit mit der Fachgruppe Religion.<\/li>\n\n\n\n<li>M\u00f6gliche Vertonung von Szenen eines Jugendbuches im Jahrgang 7 in Zusammenarbeit mit dem Fach Deutsch.<\/li>\n<\/ul>\n\n\n\n<h2 class=\"wp-block-heading\">4. Lehrbuch und weitere Arbeitsmaterialien<\/h2>\n\n\n\n<ul class=\"wp-block-list\">\n<li>Jahrg\u00e4nge 5 und 6: Soundcheck 1 (Schroedel Verlag)<\/li>\n\n\n\n<li>Jahrg\u00e4nge 7 bis 11: O-Ton 2 (Sch\u00f6ningh Verlag)<\/li>\n\n\n\n<li>Oberstufe: Soundcheck S II (Schroedel Verlag; 15 Pr\u00e4senz-Exemplare)&nbsp;<\/li>\n<\/ul>\n\n\n\n<p>Weitere Arbeitsmaterialien: Schnellhefter, Notenpapier oder -heft (beliebiges Format)&nbsp;<\/p>\n\n\n\n<h2 class=\"wp-block-heading\">5. Leistungsbewertung<\/h2>\n\n\n\n<p>Notentabelle gem\u00e4\u00df Fachkonferenzbeschluss vom 9.3.2009:&nbsp;<\/p>\n\n\n\n<figure class=\"wp-block-table aligncenter\"><table><thead><tr><th class=\"has-text-align-center\" data-align=\"center\">Note<\/th><th class=\"has-text-align-center\" data-align=\"center\">% (der erreichbaren Rohpunkte)<\/th><\/tr><\/thead><tbody><tr><td class=\"has-text-align-center\" data-align=\"center\">1<\/td><td class=\"has-text-align-center\" data-align=\"center\">100-90<\/td><\/tr><tr><td class=\"has-text-align-center\" data-align=\"center\">2<\/td><td class=\"has-text-align-center\" data-align=\"center\">89-78<\/td><\/tr><tr><td class=\"has-text-align-center\" data-align=\"center\">3<\/td><td class=\"has-text-align-center\" data-align=\"center\">77-64<\/td><\/tr><tr><td class=\"has-text-align-center\" data-align=\"center\">4<\/td><td class=\"has-text-align-center\" data-align=\"center\">63-48<\/td><\/tr><tr><td class=\"has-text-align-center\" data-align=\"center\">5<\/td><td class=\"has-text-align-center\" data-align=\"center\">47-20<\/td><\/tr><tr><td class=\"has-text-align-center\" data-align=\"center\">6<\/td><td class=\"has-text-align-center\" data-align=\"center\">19-0<\/td><\/tr><\/tbody><\/table><\/figure>\n\n\n\n<p><strong>Gewichtung gem\u00e4\u00df Kerncurriculum Musik vom 1.8.2012:<\/strong><br>a) M\u00fcndliche Note: ca. 50 %<br>b) Schriftliche Lernkontrolle: ca. 25 %&nbsp;<br>c) Bewertete musikpraktische Leistung: ca. 25 %<br><\/p>\n\n\n\n<h2 class=\"wp-block-heading\">6. Kooperation mit au\u00dferschulischen Partnern<\/h2>\n\n\n\n<ul class=\"wp-block-list\">\n<li>Zusammenarbeit der Schulband mit Profi-Musikern wie Heiner L\u00fcrig, Dirk Darmstaedter, Marcus Rieck sowie dem Rock- und Popmuseum Gronau.<\/li>\n\n\n\n<li>Zusammenarbeit der Schulband mit dem F\u00f6rdererverein sowie dem Ehemaligenverein des AGQ, mit der Stadt Quakenbr\u00fcck und dem Landkreis Osnabr\u00fcck.<\/li>\n\n\n\n<li>Zusammenarbeit der Musical-AG mit der Hasetalschule Quakenbr\u00fcck (Inklusion).<\/li>\n\n\n\n<li>Zusammenarbeit der Streicherklassen mit dem Greselius-Gymnasium Bramsche&nbsp;<\/li>\n\n\n\n<li>Zusammenarbeit der Musical-AG und der Streicherklassen mit der Stiftung Artland Gymnasium und dem F\u00f6rdererverein des AGQ<\/li>\n<\/ul>\n\n\n\n<h2 class=\"wp-block-heading\">7. Wettbewerbe, Exkursionen, Arbeitsgemeinschaften<\/h2>\n\n\n\n<ul class=\"wp-block-list\">\n<li>Schulband-AG (Ca. 90 \u00f6ffentliche Auftritte in 14 Jahren, Workshops mit Profi-Musikern, Konzert- und Erlebnisfahrten &#8211; z.B. ins Osnabr\u00fccker Kreishaus, zum Rock- &amp; Popmuseum Gronau und in den Heidepark Soltau)<\/li>\n\n\n\n<li>Musical-AG des AGQ (J\u00e4hrliche Musical-Produktionen)<\/li>\n\n\n\n<li>Musical-Orchester-AG.<\/li>\n\n\n\n<li>Streicherklassen<\/li>\n<\/ul>\n\n\n\n<h2 class=\"wp-block-heading\">8. Abschl\u00fcsse, Qualifikationen, Zertifikate<\/h2>\n\n\n\n<p>Schulband und Musical-AG waren Teil der Dokumentation zum G\u00fctesiegel &#8222;Startklar f\u00fcr den Beruf &#8211; Weser-Ems macht Schule&#8220;, das dem AGQ im November 2014 und erneut im November 2017 verliehen wurde.<\/p>\n\n\n\n<h2 class=\"wp-block-heading\">9. Links<\/h2>\n\n\n\n<p><a href=\"http:\/\/www.arne-wellinghorst.de\" target=\"_blank\" rel=\"noreferrer noopener\" aria-label=\" (\u00f6ffnet in neuem Tab)\">www.arne-wellinghorst.de<\/a>&nbsp;(St\u00e4ndig aktualisierte Dokumentation aller Aktivit\u00e4ten der Schulband)<\/p>\n","protected":false},"excerpt":{"rendered":"<p>1. Das Fach Musik und die Mitglieder der Fachgruppe Die Mitglieder der Fachgruppe Fachvorstellung Leitsatz Leitziele konkrete Umsetzung im Schulalltag Wir pflegen eine faire und respektvolle Zusammenarbeit und eine offene<\/p>\n","protected":false},"author":3,"featured_media":0,"comment_status":"closed","ping_status":"open","sticky":false,"template":"","format":"standard","meta":{"ngg_post_thumbnail":0,"footnotes":""},"categories":[5],"tags":[],"class_list":["post-573","post","type-post","status-publish","format-standard","hentry","category-fachgruppen","comments-off"],"_links":{"self":[{"href":"https:\/\/www.artland-gymnasium.de\/wordpress\/wp-json\/wp\/v2\/posts\/573","targetHints":{"allow":["GET"]}}],"collection":[{"href":"https:\/\/www.artland-gymnasium.de\/wordpress\/wp-json\/wp\/v2\/posts"}],"about":[{"href":"https:\/\/www.artland-gymnasium.de\/wordpress\/wp-json\/wp\/v2\/types\/post"}],"author":[{"embeddable":true,"href":"https:\/\/www.artland-gymnasium.de\/wordpress\/wp-json\/wp\/v2\/users\/3"}],"replies":[{"embeddable":true,"href":"https:\/\/www.artland-gymnasium.de\/wordpress\/wp-json\/wp\/v2\/comments?post=573"}],"version-history":[{"count":13,"href":"https:\/\/www.artland-gymnasium.de\/wordpress\/wp-json\/wp\/v2\/posts\/573\/revisions"}],"predecessor-version":[{"id":15691,"href":"https:\/\/www.artland-gymnasium.de\/wordpress\/wp-json\/wp\/v2\/posts\/573\/revisions\/15691"}],"wp:attachment":[{"href":"https:\/\/www.artland-gymnasium.de\/wordpress\/wp-json\/wp\/v2\/media?parent=573"}],"wp:term":[{"taxonomy":"category","embeddable":true,"href":"https:\/\/www.artland-gymnasium.de\/wordpress\/wp-json\/wp\/v2\/categories?post=573"},{"taxonomy":"post_tag","embeddable":true,"href":"https:\/\/www.artland-gymnasium.de\/wordpress\/wp-json\/wp\/v2\/tags?post=573"}],"curies":[{"name":"wp","href":"https:\/\/api.w.org\/{rel}","templated":true}]}}