{"id":8,"date":"2024-07-07T13:31:51","date_gmt":"2024-07-07T11:31:51","guid":{"rendered":"http:\/\/www.artland-gymnasium.de\/wordpress\/?p=8"},"modified":"2025-08-07T20:05:11","modified_gmt":"2025-08-07T18:05:11","slug":"schulleitung","status":"publish","type":"post","link":"https:\/\/www.artland-gymnasium.de\/wordpress\/2024\/07\/07\/schulleitung\/","title":{"rendered":"Unser Schulleitungsteam:"},"content":{"rendered":"\n<div class=\"wp-block-columns is-layout-flex wp-container-core-columns-is-layout-9d6595d7 wp-block-columns-is-layout-flex\"><\/div>\n\n\n\n<figure class=\"wp-block-table alignleft is-style-stripes\" style=\"padding-top:0;padding-right:0;padding-bottom:0;padding-left:0;font-size:15px\"><table class=\"has-black-color has-text-color has-background has-link-color has-fixed-layout\" style=\"background-color:#b5c775bd\"><thead><tr><th class=\"has-text-align-left\" data-align=\"left\"><strong>Unser Schulleitungsteam:<\/strong><\/th><th> <\/th><th>F\u00e4cher und Zust\u00e4ndigkeiten<\/th><th>Mail-Kontakt<\/th><\/tr><\/thead><tbody><tr><td class=\"has-text-align-left\" data-align=\"left\">Keppler, Stephan<\/td><td><img loading=\"lazy\" decoding=\"async\" width=\"60\" height=\"89\" class=\"wp-image-14277\" style=\"width: 60px;\" src=\"https:\/\/www.artland-gymnasium.de\/wordpress\/wp-content\/uploads\/2024\/07\/K800_Keppler-1.jpg\" alt=\"\"><\/td><td><a aria-label=\"Mathematik (\u00f6ffnet in neuem Tab)\" href=\"https:\/\/www.artland-gymnasium.de\/wordpress\/2020\/03\/17\/fachgruppe-mathematik\/\" target=\"_blank\" rel=\"noreferrer noopener\">Mathematik<\/a><br><a aria-label=\"Physik (\u00f6ffnet in neuem Tab)\" href=\"https:\/\/www.artland-gymnasium.de\/wordpress\/2020\/03\/16\/fachgruppe-physik\/\" target=\"_blank\" rel=\"noreferrer noopener\">Physik<\/a><br><br><a href=\"https:\/\/www.artland-gymnasium.de\/wordpress\/2020\/03\/16\/schulleitung\/\">Schulleitung<\/a><\/td><td>stephan.keppler(at)artland-gym.de<\/td><\/tr><tr><td class=\"has-text-align-left\" data-align=\"left\">Greten, Heidi<\/td><td><img loading=\"lazy\" decoding=\"async\" width=\"60\" height=\"89\" class=\"wp-image-14263\" style=\"width: 60px;\" src=\"https:\/\/www.artland-gymnasium.de\/wordpress\/wp-content\/uploads\/2024\/07\/K800_Greten-1.jpg\" alt=\"\"><\/td><td><a aria-label=\"Religion (\u00f6ffnet in neuem Tab)\" href=\"https:\/\/www.artland-gymnasium.de\/wordpress\/2020\/03\/27\/fachgruppe-religion\/\" target=\"_blank\" rel=\"noreferrer noopener\">Religion<\/a> (kath.)<br><a aria-label=\"Mathematik (\u00f6ffnet in neuem Tab)\" href=\"https:\/\/www.artland-gymnasium.de\/wordpress\/2020\/03\/17\/fachgruppe-mathematik\/\" target=\"_blank\" rel=\"noreferrer noopener\">Mathematik<\/a><br><br>stellvertretende <a href=\"https:\/\/www.artland-gymnasium.de\/wordpress\/2020\/03\/16\/schulleitung\/\">Schulleitung<\/a><br><a href=\"https:\/\/kadmos.webuntis.com\/WebUntis\/?school=Artland-Gymnasium#\/basic\/login\" target=\"_blank\" rel=\"noreferrer noopener\">Stundenplan<\/a><br>Aufgabenfeld B<\/td><td>heidi.greten(at)artland-gym.de<\/td><\/tr><tr><td class=\"has-text-align-left\" data-align=\"left\">Dr. Gr\u00fc\u00df-Niehaus, Thomas<\/td><td><img loading=\"lazy\" decoding=\"async\" width=\"60\" height=\"89\" class=\"wp-image-14265\" style=\"width: 60px;\" src=\"https:\/\/www.artland-gymnasium.de\/wordpress\/wp-content\/uploads\/2024\/07\/K800_Gruess-Niehaus-1.jpg\" alt=\"\"><\/td><td><a aria-label=\"Chemie (\u00f6ffnet in neuem Tab)\" href=\"https:\/\/www.artland-gymnasium.de\/wordpress\/2020\/03\/25\/fachgruppe-chemie\/\" target=\"_blank\" rel=\"noreferrer noopener\">Chemie<\/a><br><a aria-label=\"Mathematik (\u00f6ffnet in neuem Tab)\" href=\"https:\/\/www.artland-gymnasium.de\/wordpress\/2020\/03\/17\/fachgruppe-mathematik\/\" target=\"_blank\" rel=\"noreferrer noopener\">Mathematik<\/a><br><br>Vertretungsplan<br>Koordination der   <br>  Einf\u00fchrungsphase<br>Ansprechpartner WebUntis<\/td><td>thomas.gruess-niehaus(at)artland-gym.de<\/td><\/tr><tr><td class=\"has-text-align-left\" data-align=\"left\">Heinze, Thomas<\/td><td><img loading=\"lazy\" decoding=\"async\" width=\"60\" height=\"89\" class=\"wp-image-14270\" style=\"width: 60px;\" src=\"https:\/\/www.artland-gymnasium.de\/wordpress\/wp-content\/uploads\/2024\/07\/K800_Heinze-1.jpg\" alt=\"\"><\/td><td><a aria-label=\"Biologie (\u00f6ffnet in neuem Tab)\" href=\"https:\/\/www.artland-gymnasium.de\/wordpress\/2020\/03\/25\/fachgruppe-biologie\/\" target=\"_blank\" rel=\"noreferrer noopener\">Biologie<\/a><br><a aria-label=\"Englisch (\u00f6ffnet in neuem Tab)\" href=\"https:\/\/www.artland-gymnasium.de\/wordpress\/2020\/03\/25\/fachgruppe-englisch\/\" target=\"_blank\" rel=\"noreferrer noopener\">Englisch<\/a><br><a href=\"https:\/\/www.artland-gymnasium.de\/wordpress\/2020\/03\/18\/informationen-jahrgaenge-5-bis-10\/\" target=\"_blank\" rel=\"noreferrer noopener\">Koordination Jg. 5 \u2013 10<\/a><br><a href=\"https:\/\/www.artland-gymnasium.de\/wordpress\/2020\/03\/16\/beratungslehrer-2\/\">Beratungslehrer<\/a><br>Aufgabenfeld A<br>SV- Beratungslehrer<\/td><td>thomas.heinze(at)artland-gym.de<\/td><\/tr><tr><td class=\"has-text-align-left\" data-align=\"left\">K\u00e4hler, Claudia<\/td><td><img loading=\"lazy\" decoding=\"async\" width=\"60\" height=\"89\" class=\"wp-image-14276\" style=\"width: 60px;\" src=\"https:\/\/www.artland-gymnasium.de\/wordpress\/wp-content\/uploads\/2024\/07\/K800_Kaehler-1.jpg\" alt=\"\"><\/td><td><a aria-label=\"Mathematik (\u00f6ffnet in neuem Tab)\" href=\"https:\/\/www.artland-gymnasium.de\/wordpress\/2020\/03\/17\/fachgruppe-mathematik\/\" target=\"_blank\" rel=\"noreferrer noopener\">Mathematik<\/a><br><a aria-label=\"Physik (\u00f6ffnet in neuem Tab)\" href=\"https:\/\/www.artland-gymnasium.de\/wordpress\/2020\/03\/16\/fachgruppe-physik\/\" target=\"_blank\" rel=\"noreferrer noopener\">Physik<\/a><br><br><a href=\"https:\/\/www.artland-gymnasium.de\/wordpress\/2020\/03\/16\/informationen-zur-qualifikationsphase\/\" target=\"_blank\" rel=\"noreferrer noopener\">Koordination der Qualifikationsphase<\/a><br>Aufgabenfeld C<a href=\"https:\/\/www.artland-gymnasium.de\/wordpress\/2020\/03\/18\/studien-und-berufsorientierung\/\"><br><\/a>Sicherheitsbeauftragte<\/td><td>claudia.kaehler(at)artland-gym.de<\/td><\/tr><\/tbody><\/table><\/figure>\n","protected":false},"excerpt":{"rendered":"<p>Unser Schulleitungsteam: F\u00e4cher und Zust\u00e4ndigkeiten Mail-Kontakt Keppler, Stephan MathematikPhysik Schulleitung stephan.keppler(at)artland-gym.de Greten, Heidi Religion (kath.)Mathematik stellvertretende SchulleitungStundenplanAufgabenfeld B heidi.greten(at)artland-gym.de Dr. Gr\u00fc\u00df-Niehaus, Thomas ChemieMathematik VertretungsplanKoordination der Einf\u00fchrungsphaseAnsprechpartner WebUntis thomas.gruess-niehaus(at)artland-gym.de Heinze, Thomas<\/p>\n","protected":false},"author":1,"featured_media":0,"comment_status":"closed","ping_status":"open","sticky":false,"template":"","format":"standard","meta":{"ngg_post_thumbnail":0,"footnotes":""},"categories":[1],"tags":[],"class_list":["post-8","post","type-post","status-publish","format-standard","hentry","category-allgemein","comments-off"],"_links":{"self":[{"href":"https:\/\/www.artland-gymnasium.de\/wordpress\/wp-json\/wp\/v2\/posts\/8","targetHints":{"allow":["GET"]}}],"collection":[{"href":"https:\/\/www.artland-gymnasium.de\/wordpress\/wp-json\/wp\/v2\/posts"}],"about":[{"href":"https:\/\/www.artland-gymnasium.de\/wordpress\/wp-json\/wp\/v2\/types\/post"}],"author":[{"embeddable":true,"href":"https:\/\/www.artland-gymnasium.de\/wordpress\/wp-json\/wp\/v2\/users\/1"}],"replies":[{"embeddable":true,"href":"https:\/\/www.artland-gymnasium.de\/wordpress\/wp-json\/wp\/v2\/comments?post=8"}],"version-history":[{"count":24,"href":"https:\/\/www.artland-gymnasium.de\/wordpress\/wp-json\/wp\/v2\/posts\/8\/revisions"}],"predecessor-version":[{"id":15584,"href":"https:\/\/www.artland-gymnasium.de\/wordpress\/wp-json\/wp\/v2\/posts\/8\/revisions\/15584"}],"wp:attachment":[{"href":"https:\/\/www.artland-gymnasium.de\/wordpress\/wp-json\/wp\/v2\/media?parent=8"}],"wp:term":[{"taxonomy":"category","embeddable":true,"href":"https:\/\/www.artland-gymnasium.de\/wordpress\/wp-json\/wp\/v2\/categories?post=8"},{"taxonomy":"post_tag","embeddable":true,"href":"https:\/\/www.artland-gymnasium.de\/wordpress\/wp-json\/wp\/v2\/tags?post=8"}],"curies":[{"name":"wp","href":"https:\/\/api.w.org\/{rel}","templated":true}]}}