{"id":8261,"date":"2023-02-05T07:21:56","date_gmt":"2023-02-05T06:21:56","guid":{"rendered":"https:\/\/www.artland-gymnasium.de\/wordpress\/?p=8261"},"modified":"2025-08-07T19:08:11","modified_gmt":"2025-08-07T17:08:11","slug":"informationen-zur-anmeldung-am-agq","status":"publish","type":"post","link":"https:\/\/www.artland-gymnasium.de\/wordpress\/2023\/02\/05\/informationen-zur-anmeldung-am-agq\/","title":{"rendered":"Termine zur Anmeldung am AGQ"},"content":{"rendered":"\n<p>F\u00fcr den zuk\u00fcnftigen Jahrgang 5 des Artland-Gymnasiums Quakenbr\u00fcck k\u00f6nnen Sie Ihr Kind an folgenden Terminen im Sekretariat anmelden:<\/p>\n\n\n\n<div class=\"wp-block-columns is-layout-flex wp-container-core-columns-is-layout-9d6595d7 wp-block-columns-is-layout-flex\">\n<div class=\"wp-block-column is-layout-flow wp-block-column-is-layout-flow\" style=\"flex-basis:20%\">\n<p><strong>Mittwoch<\/strong>,<\/p>\n<\/div>\n\n\n\n<div class=\"wp-block-column is-layout-flow wp-block-column-is-layout-flow\" style=\"flex-basis:20%\">\n<p><strong>03.05.2023<\/strong><\/p>\n<\/div>\n\n\n\n<div class=\"wp-block-column is-layout-flow wp-block-column-is-layout-flow\">\n<p><strong>10.00 bis 12.00 Uhr und 13.00 bis 17.00 Uhr<\/strong><\/p>\n<\/div>\n<\/div>\n\n\n\n<div class=\"wp-block-columns is-layout-flex wp-container-core-columns-is-layout-9d6595d7 wp-block-columns-is-layout-flex\">\n<div class=\"wp-block-column is-layout-flow wp-block-column-is-layout-flow\" style=\"flex-basis:20%\">\n<p><strong>Donnerstag<\/strong>,<\/p>\n<\/div>\n\n\n\n<div class=\"wp-block-column is-layout-flow wp-block-column-is-layout-flow\" style=\"flex-basis:20%\">\n<p><strong>04.05.2023<\/strong><\/p>\n<\/div>\n\n\n\n<div class=\"wp-block-column is-layout-flow wp-block-column-is-layout-flow\">\n<p><strong>12.00 bis 18.00 Uhr<\/strong><\/p>\n<\/div>\n<\/div>\n\n\n\n<div class=\"wp-block-columns is-layout-flex wp-container-core-columns-is-layout-9d6595d7 wp-block-columns-is-layout-flex\">\n<div class=\"wp-block-column is-layout-flow wp-block-column-is-layout-flow\" style=\"flex-basis:20%\">\n<p><strong>Freitag<\/strong>,<\/p>\n<\/div>\n\n\n\n<div class=\"wp-block-column is-layout-flow wp-block-column-is-layout-flow\" style=\"flex-basis:20%\">\n<p><strong>05.05.2023<\/strong><\/p>\n<\/div>\n\n\n\n<div class=\"wp-block-column is-layout-flow wp-block-column-is-layout-flow\">\n<p><strong>09.00 bis 11.00 Uhr<\/strong><\/p>\n<\/div>\n<\/div>\n\n\n\n<p>Vorab k\u00f6nnen Sie Ihr Kind <strong>online<\/strong> anmelden. Zur Online-Anmeldung gelangen Sie <strong>hier.<\/strong><\/p>\n\n\n\n<p>Wir haben f\u00fcr Sie <strong>vielf\u00e4ltige Informationen<\/strong> rund um die Anmeldung zusammengestellt. <br>Auch wenn Sie die Online-Anmeldung nutzen, sollten Sie diese Informationen <strong>vorher<\/strong> gelesen haben. <br>Die Informationen finden Sie <a rel=\"noreferrer noopener\" href=\"https:\/\/www.artland-gymnasium.de\/wordpress\/2023\/02\/07\/anmeldung-fuer-den-jg-5-im-schuljahr-2023-2024\/\" data-type=\"post\" data-id=\"8761\" target=\"_blank\">hier<\/a>.<\/p>\n","protected":false},"excerpt":{"rendered":"<p>F\u00fcr den zuk\u00fcnftigen Jahrgang 5 des Artland-Gymnasiums Quakenbr\u00fcck k\u00f6nnen Sie Ihr Kind an folgenden Terminen im Sekretariat anmelden: Mittwoch, 03.05.2023 10.00 bis 12.00 Uhr und 13.00 bis 17.00 Uhr Donnerstag,<\/p>\n","protected":false},"author":3,"featured_media":0,"comment_status":"closed","ping_status":"open","sticky":false,"template":"","format":"standard","meta":{"ngg_post_thumbnail":0,"footnotes":""},"categories":[1],"tags":[],"class_list":["post-8261","post","type-post","status-publish","format-standard","hentry","category-allgemein","comments-off"],"_links":{"self":[{"href":"https:\/\/www.artland-gymnasium.de\/wordpress\/wp-json\/wp\/v2\/posts\/8261","targetHints":{"allow":["GET"]}}],"collection":[{"href":"https:\/\/www.artland-gymnasium.de\/wordpress\/wp-json\/wp\/v2\/posts"}],"about":[{"href":"https:\/\/www.artland-gymnasium.de\/wordpress\/wp-json\/wp\/v2\/types\/post"}],"author":[{"embeddable":true,"href":"https:\/\/www.artland-gymnasium.de\/wordpress\/wp-json\/wp\/v2\/users\/3"}],"replies":[{"embeddable":true,"href":"https:\/\/www.artland-gymnasium.de\/wordpress\/wp-json\/wp\/v2\/comments?post=8261"}],"version-history":[{"count":5,"href":"https:\/\/www.artland-gymnasium.de\/wordpress\/wp-json\/wp\/v2\/posts\/8261\/revisions"}],"predecessor-version":[{"id":9036,"href":"https:\/\/www.artland-gymnasium.de\/wordpress\/wp-json\/wp\/v2\/posts\/8261\/revisions\/9036"}],"wp:attachment":[{"href":"https:\/\/www.artland-gymnasium.de\/wordpress\/wp-json\/wp\/v2\/media?parent=8261"}],"wp:term":[{"taxonomy":"category","embeddable":true,"href":"https:\/\/www.artland-gymnasium.de\/wordpress\/wp-json\/wp\/v2\/categories?post=8261"},{"taxonomy":"post_tag","embeddable":true,"href":"https:\/\/www.artland-gymnasium.de\/wordpress\/wp-json\/wp\/v2\/tags?post=8261"}],"curies":[{"name":"wp","href":"https:\/\/api.w.org\/{rel}","templated":true}]}}