{"id":8761,"date":"2023-03-28T11:49:46","date_gmt":"2023-03-28T09:49:46","guid":{"rendered":"https:\/\/www.artland-gymnasium.de\/wordpress\/?p=8761"},"modified":"2025-08-07T19:08:11","modified_gmt":"2025-08-07T17:08:11","slug":"anmeldung-fuer-den-jg-5-im-schuljahr-2023-2024","status":"publish","type":"post","link":"https:\/\/www.artland-gymnasium.de\/wordpress\/2023\/03\/28\/anmeldung-fuer-den-jg-5-im-schuljahr-2023-2024\/","title":{"rendered":"Anmeldung f\u00fcr den Jg. 5 im Schuljahr 2023\/2024"},"content":{"rendered":"\n<p><strong>Erl\u00e4uterungen (Ausf\u00fcllhilfen) zum Anmeldepaket f\u00fcr die k\u00fcnftigen 5. Klassen zum Schuljahr 2023\/24 am Artland-Gymnasium Quakenbr\u00fcck (AGQ)<\/strong><\/p>\n\n\n\n<p>Sehr geehrte Eltern und Erziehungsberechtigte,<\/p>\n\n\n\n<p>hier auf der Homepage finden Sie alle Anmeldeformulare, Informationsschreiben und Hinweise f\u00fcr die Anmeldung Ihrer Kinder am AGQ. Diese Ausf\u00fcllhilfe dient zur Erkl\u00e4rung der verschiedenen Unterlagen und kl\u00e4rt Sie dar\u00fcber auf, welche Seiten <strong>zu Ihrer Information dienen<\/strong> und welche Sie ausgef\u00fcllt <strong>zur\u00fcck<\/strong> an die Schule <strong>senden m\u00fcssen<\/strong> bzw. zur Anmeldung <strong>mitbringen m\u00fcssen<\/strong>.<\/p>\n\n\n\n<p>Falls&nbsp;<strong>weitere Hilfe<\/strong>&nbsp;beim Ausf\u00fcllen der Unterlagen ben\u00f6tigt wird, stehen die Sekret\u00e4rinnen&nbsp;<strong>ab dem 13. Februar 2023 werktags in der Zeit von 08.00 \u2013 13.00 Uhr<\/strong>&nbsp;unter der Telefonnummer 05431\/18090 zur Verf\u00fcgung.&nbsp;<\/p>\n\n\n\n<p class=\"has-tertiary-color has-text-color\">Rot markiert: Diese Unterlagen <strong>m\u00fcssen<\/strong> zur Anmeldung zwingend <strong>abgegeben<\/strong> <strong>werden<\/strong>!<\/p>\n\n\n\n<p class=\"has-accent-color has-text-color\">Blau markiert: Diese Unterlagen sind <strong>ggf<\/strong>. bei der Anmeldung abzugeben!<\/p>\n\n\n\n<div class=\"wp-block-columns is-layout-flex wp-container-core-columns-is-layout-9d6595d7 wp-block-columns-is-layout-flex\">\n<div class=\"wp-block-column is-layout-flow wp-block-column-is-layout-flow\" style=\"flex-basis:40%\">\n<p><strong>Datei<\/strong><\/p>\n<\/div>\n\n\n\n<div class=\"wp-block-column is-layout-flow wp-block-column-is-layout-flow\">\n<p><strong>Hinweise<\/strong><\/p>\n<\/div>\n<\/div>\n\n\n\n<div class=\"wp-block-columns is-layout-flex wp-container-core-columns-is-layout-9d6595d7 wp-block-columns-is-layout-flex\">\n<div class=\"wp-block-column is-layout-flow wp-block-column-is-layout-flow\" style=\"padding-top:var(--wp--preset--spacing--50);flex-basis:40%\">\n<div class=\"wp-block-file\"><a id=\"wp-block-file--media-f3f7ac7e-c90a-4d15-8e7e-ff34d39d259b\" href=\"https:\/\/www.artland-gymnasium.de\/wordpress\/wp-content\/uploads\/2023\/02\/2023-02-Einladung-zum-Schulanfang-5.-Jg..pdf\" target=\"_blank\" rel=\"noreferrer noopener\">Einladung Jg. 5 zum Schulanfang<\/a><\/div>\n<\/div>\n\n\n\n<div class=\"wp-block-column is-layout-flow wp-block-column-is-layout-flow\">\n<p><strong>Einladung zum Schulanfang&nbsp;<\/strong>(verbleibt bei Ihnen)<\/p>\n<\/div>\n<\/div>\n\n\n\n<div class=\"wp-block-columns is-layout-flex wp-container-core-columns-is-layout-9d6595d7 wp-block-columns-is-layout-flex\">\n<div class=\"wp-block-column is-layout-flow wp-block-column-is-layout-flow\" style=\"padding-top:var(--wp--preset--spacing--50);flex-basis:40%\">\n<div class=\"wp-block-file\"><a id=\"wp-block-file--media-b8feb9d4-ccaa-4024-b984-7d10ff815683\" href=\"https:\/\/www.artland-gymnasium.de\/wordpress\/wp-content\/uploads\/2023\/02\/2023-03-Anmeldung-allgemein-2023.pdf\" target=\"_blank\" rel=\"noreferrer noopener\">Anmeldung Jg.5 allgemein 2023<\/a><\/div>\n<\/div>\n\n\n\n<div class=\"wp-block-column is-layout-flow wp-block-column-is-layout-flow\">\n<p class=\"has-tertiary-color has-text-color\"><strong><em>Anmeldeformular<\/em><\/strong><em>&nbsp;(R\u00fcckgabe an die Schule)<\/em><\/p>\n\n\n\n<p class=\"has-tertiary-color has-text-color\"><em>F\u00fcllen Sie das Formular bitte vollst\u00e4ndig aus. F\u00fcr die Wahl der 2. Fremdsprache und ggf. der Streicherklasse beachten Sie bitte die <a href=\"https:\/\/www.artland-gymnasium.de\/wordpress\/2023\/02\/08\/praesentationen-zur-zweiten-fremdsprache\/\" data-type=\"post\" data-id=\"8820\" target=\"_blank\" rel=\"noreferrer noopener\"><strong>Pr\u00e4sentationen<\/strong><\/a> auf der Homepage. Dazu wird es am Mittwoch, 22.03.2023 um 18:30 Uhr in unserer Aula eine Informationsveranstaltung geben.&nbsp;<\/em><\/p>\n\n\n\n<p class=\"has-tertiary-color has-text-color\"><em>F\u00fcgen Sie bitte auch die aufgef\u00fchrten Unterlagen bei.<\/em><\/p>\n<\/div>\n<\/div>\n\n\n\n<p class=\"has-text-align-center has-highlight-background-color has-background\" style=\"font-size:23px\">Sie k\u00f6nnen Ihr Kind auch <strong>online<\/strong> anmelden. <br>Die <strong>Online<\/strong>&#8211;<strong>Anmeldung<\/strong> finden Sie <strong>hier<\/strong>.<br>Hinweis: Ab dem 03.05.23 ist keine Online-Anmeldung mehr m\u00f6glich<\/p>\n\n\n\n<div class=\"wp-block-columns is-layout-flex wp-container-core-columns-is-layout-9d6595d7 wp-block-columns-is-layout-flex\">\n<div class=\"wp-block-column is-layout-flow wp-block-column-is-layout-flow\" style=\"padding-top:var(--wp--preset--spacing--50);flex-basis:40%\">\n<div class=\"wp-block-file\"><a id=\"wp-block-file--media-1cdc2214-7225-4c4a-9989-d13786cc3732\" href=\"https:\/\/www.artland-gymnasium.de\/wordpress\/wp-content\/uploads\/2023\/02\/2023-04-Anmeldung-Streicherkurs-2023.pdf\" target=\"_blank\" rel=\"noreferrer noopener\">Anmeldung Streicherkurs 2023<\/a><\/div>\n<\/div>\n\n\n\n<div class=\"wp-block-column is-layout-flow wp-block-column-is-layout-flow\">\n<p class=\"has-accent-color has-text-color\"><strong>Anmeldung zur Streicherklasse<\/strong>&nbsp;(ggf. R\u00fcckgabe an die Schule)<\/p>\n\n\n\n<p class=\"has-accent-color has-text-color\">Wenn Sie Ihr Kind f\u00fcr die Streicherklasse anmelden wollen, f\u00fcllen Sie bitte auch dieses Formular aus (siehe auch Pr\u00e4sentation auf der Homepage).<\/p>\n<\/div>\n<\/div>\n\n\n\n<div class=\"wp-block-columns is-layout-flex wp-container-core-columns-is-layout-9d6595d7 wp-block-columns-is-layout-flex\">\n<div class=\"wp-block-column is-layout-flow wp-block-column-is-layout-flow\" style=\"padding-top:var(--wp--preset--spacing--50);padding-right:0;padding-bottom:0;padding-left:0;flex-basis:40%\">\n<div class=\"wp-block-file\"><a id=\"wp-block-file--media-fa94aedf-f0f3-4760-beda-c081e0d10576\" href=\"https:\/\/www.artland-gymnasium.de\/wordpress\/wp-content\/uploads\/2023\/02\/2023-05-Bildungs-und-Teilhabepaket-2023.pdf\" target=\"_blank\" rel=\"noreferrer noopener\">Bildungs- u. Teilhabepaket 2023<\/a><\/div>\n<\/div>\n\n\n\n<div class=\"wp-block-column is-layout-flow wp-block-column-is-layout-flow\">\n<p><strong>Information zum Bildungs- und Teilhabepaket<\/strong>&nbsp;(verbleibt bei Ihnen)<\/p>\n<\/div>\n<\/div>\n\n\n\n<div class=\"wp-block-columns is-layout-flex wp-container-core-columns-is-layout-9d6595d7 wp-block-columns-is-layout-flex\">\n<div class=\"wp-block-column is-layout-flow wp-block-column-is-layout-flow\" style=\"padding-top:var(--wp--preset--spacing--50);flex-basis:40%\">\n<div class=\"wp-block-file\"><a id=\"wp-block-file--media-cd354acd-c8e6-4be2-aa05-ec2281e34c95\" href=\"https:\/\/www.artland-gymnasium.de\/wordpress\/wp-content\/uploads\/2023\/02\/2023-06-Infoblatt-Lernmittel-2023.pdf\" target=\"_blank\" rel=\"noreferrer noopener\">Infoblatt Lernmittel 2023<\/a><\/div>\n<\/div>\n\n\n\n<div class=\"wp-block-column is-layout-flow wp-block-column-is-layout-flow\">\n<p><strong>Information \u00fcber die entgeltliche Ausleihe von Schulb\u00fcchern<\/strong>&nbsp;(verbleibt bei Ihnen)<\/p>\n<\/div>\n<\/div>\n\n\n\n<div class=\"wp-block-columns is-layout-flex wp-container-core-columns-is-layout-9d6595d7 wp-block-columns-is-layout-flex\">\n<div class=\"wp-block-column is-layout-flow wp-block-column-is-layout-flow\" style=\"padding-top:var(--wp--preset--spacing--40);flex-basis:40%\"><\/div>\n\n\n\n<div class=\"wp-block-column is-layout-flow wp-block-column-is-layout-flow\">\n<p><strong>Lernmittelliste Jahrgang 5<\/strong> \u2013 zurzeit noch nicht verf\u00fcgbar<br>Die Liste wird Ihnen bei der Anmeldung im Mai ausgeh\u00e4ndigt und dann auch hier verlinkt.<\/p>\n<\/div>\n<\/div>\n\n\n\n<div class=\"wp-block-columns is-layout-flex wp-container-core-columns-is-layout-9d6595d7 wp-block-columns-is-layout-flex\">\n<div class=\"wp-block-column is-layout-flow wp-block-column-is-layout-flow\" style=\"padding-top:var(--wp--preset--spacing--50);flex-basis:40%\">\n<div class=\"wp-block-file\"><a id=\"wp-block-file--media-33a7b2f9-0792-4426-91e2-2f29953b2239\" href=\"https:\/\/www.artland-gymnasium.de\/wordpress\/wp-content\/uploads\/2023\/02\/2023-08-Neuanmeldung-Lernmittelausleihe-2023-1.pdf\" target=\"_blank\" rel=\"noreferrer noopener\">Neuanmeldung Lernmittelausleihe 2023<\/a><\/div>\n<\/div>\n\n\n\n<div class=\"wp-block-column is-layout-flow wp-block-column-is-layout-flow\">\n<p class=\"has-tertiary-color has-text-color\"><strong><em>Anmeldung zur entgeltlichen Ausleihe von Lernmitteln<\/em><\/strong><em>&nbsp;(R\u00fcckgabe an die Schule)<\/em><\/p>\n\n\n\n<p class=\"has-tertiary-color has-text-color\"><em>Sollten Sie von den finanziellen Verpflichtungen befreit sein (vgl. Informationen zum Bildungs- und Teilhabepaket, siehe oben), kreuzen Sie dies im Bereich \u201e<strong>Antrag auf Befreiung<\/strong>\u201c bitte an. Sollten Sie drei oder mehr schulpflichtige Kinder haben, f\u00fcllen Sie bitte auch den Bereich&nbsp;<strong>\u201eAntrag auf Erm\u00e4\u00dfigung<\/strong>\u201c aus. In dem Fall betr\u00e4gt die Leihgeb\u00fchr nur 60 \u20ac.<\/em><\/p>\n\n\n\n<p class=\"has-tertiary-color has-text-color\"><em>Denken Sie bitte daran, den Betrag von 75 \u20ac (oder erm\u00e4\u00dfigt 60 \u20ac) bis zum&nbsp;<strong>16.06.2023<\/strong>&nbsp;(vgl. Information \u00fcber die entgeltliche Ausleihe von Schulb\u00fcchern, siehe oben) auf das angegebene Konto zu \u00fcberweisen (bitte den Verwendungszweck wie angegeben einsetzen).<\/em><\/p>\n<\/div>\n<\/div>\n\n\n\n<div class=\"wp-block-columns is-layout-flex wp-container-core-columns-is-layout-9d6595d7 wp-block-columns-is-layout-flex\">\n<div class=\"wp-block-column is-layout-flow wp-block-column-is-layout-flow\" style=\"padding-top:var(--wp--preset--spacing--50);flex-basis:40%\">\n<div class=\"wp-block-file\"><a id=\"wp-block-file--media-699634fb-2374-491d-91c9-75142c30129a\" href=\"https:\/\/www.artland-gymnasium.de\/wordpress\/wp-content\/uploads\/2023\/02\/2023-09-Erklaerung-zur-Sorgeberechtigung-2023.pdf\" target=\"_blank\" rel=\"noreferrer noopener\">Erkl\u00e4rung zur Sorgeberechtigung<\/a><\/div>\n<\/div>\n\n\n\n<div class=\"wp-block-column is-layout-flow wp-block-column-is-layout-flow\">\n<p class=\"has-accent-color has-text-color\"><strong>Erkl\u00e4rung zur Sorgeberechtigung<\/strong>&nbsp;(ggf. R\u00fcckgabe an die Schule)<\/p>\n\n\n\n<p class=\"has-accent-color has-text-color\">Getrenntlebende Erziehungsberechtigte k\u00f6nnen die Vollmacht optional ausf\u00fcllen und abgeben.<\/p>\n<\/div>\n<\/div>\n\n\n\n<div class=\"wp-block-columns is-layout-flex wp-container-core-columns-is-layout-9d6595d7 wp-block-columns-is-layout-flex\">\n<div class=\"wp-block-column is-layout-flow wp-block-column-is-layout-flow\" style=\"padding-top:var(--wp--preset--spacing--50);padding-right:0;padding-bottom:0;padding-left:0;flex-basis:40%\">\n<div class=\"wp-block-file\"><a id=\"wp-block-file--media-00ac34b5-7327-4b50-9fd0-07991e385d06\" href=\"https:\/\/www.artland-gymnasium.de\/wordpress\/wp-content\/uploads\/2023\/02\/2023-10-Abholvollmacht-2023.pdf\" target=\"_blank\" rel=\"noreferrer noopener\">Abholvollmacht<\/a><\/div>\n<\/div>\n\n\n\n<div class=\"wp-block-column is-layout-flow wp-block-column-is-layout-flow\">\n<p class=\"has-accent-color has-text-color\"><strong>Abholvollmacht<\/strong>&nbsp;(ggf. R\u00fcckgabe an die Schule)<\/p>\n\n\n\n<p class=\"has-accent-color has-text-color\">Die Schule \u00fcbergibt z.B. im Krankheitsfall Ihre Kinder nur an die Erziehungsberechtigten oder die von den Erziehungsberechtigten bevollm\u00e4chtigten Personen (z.B. Gro\u00dfeltern, Onkel, Tante etc.). Hierf\u00fcr ist eine Abholvollmacht erforderlich. F\u00fcllen Sie bitte f\u00fcr jede von Ihnen bevollm\u00e4chtigte Person ein Formular aus und geben Sie unbedingt ganz unten den Zeitraum der G\u00fcltigkeit an.<\/p>\n<\/div>\n<\/div>\n\n\n\n<div class=\"wp-block-columns is-layout-flex wp-container-core-columns-is-layout-9d6595d7 wp-block-columns-is-layout-flex\">\n<div class=\"wp-block-column is-layout-flow wp-block-column-is-layout-flow\" style=\"padding-top:var(--wp--preset--spacing--50);flex-basis:40%\">\n<div class=\"wp-block-file\"><a id=\"wp-block-file--media-dc1bc4ce-c01a-4146-a5b4-a4f6fe0362b0\" href=\"https:\/\/www.artland-gymnasium.de\/wordpress\/wp-content\/uploads\/2023\/02\/2023-11-Materialliste-bei-Einschulung-im-Jahrgang-5-2023.pdf\" target=\"_blank\" rel=\"noreferrer noopener\">Materialliste bei Einschulung in Jahrgang 5<\/a><\/div>\n<\/div>\n\n\n\n<div class=\"wp-block-column is-layout-flow wp-block-column-is-layout-flow\">\n<p><strong>Information zu Unterrichtsmaterialien<\/strong>&nbsp;(verbleibt bei Ihnen)<\/p>\n<\/div>\n<\/div>\n\n\n\n<div class=\"wp-block-columns is-layout-flex wp-container-core-columns-is-layout-9d6595d7 wp-block-columns-is-layout-flex\">\n<div class=\"wp-block-column is-layout-flow wp-block-column-is-layout-flow\" style=\"padding-top:var(--wp--preset--spacing--50);flex-basis:40%\">\n<div class=\"wp-block-file\"><a id=\"wp-block-file--media-16e7adbc-4747-444b-8987-7728d20c47fa\" href=\"https:\/\/www.artland-gymnasium.de\/wordpress\/wp-content\/uploads\/2023\/02\/2023-12-Stundenplan-mit-Unterrichtszeiten-2023.pdf\" target=\"_blank\" rel=\"noreferrer noopener\">Stundenplan \/ Unterrichtszeiten<\/a><\/div>\n<\/div>\n\n\n\n<div class=\"wp-block-column is-layout-flow wp-block-column-is-layout-flow\">\n<p><strong>Stundenplan mit Information zu den Unterrichtszeiten am AGQ<\/strong>&nbsp;(verbleibt bei Ihnen)<\/p>\n<\/div>\n<\/div>\n\n\n\n<div class=\"wp-block-columns is-layout-flex wp-container-core-columns-is-layout-9d6595d7 wp-block-columns-is-layout-flex\">\n<div class=\"wp-block-column is-layout-flow wp-block-column-is-layout-flow\" style=\"padding-top:var(--wp--preset--spacing--50);flex-basis:40%\">\n<div class=\"wp-block-file\"><a id=\"wp-block-file--media-92efa05c-9ad3-4930-a64e-b70b6d40d679\" href=\"https:\/\/www.artland-gymnasium.de\/wordpress\/wp-content\/uploads\/2023\/02\/2023-13-AstraDirekt1.pdf\" target=\"_blank\" rel=\"noreferrer noopener\">AstraDirekt (Datei 1)<\/a><\/div>\n<\/div>\n\n\n\n<div class=\"wp-block-column is-layout-flow wp-block-column-is-layout-flow\">\n<p><strong>Information zu Schlie\u00dff\u00e4chern in der Schule<\/strong>&nbsp;(verbleibt bei Ihnen)<\/p>\n<\/div>\n<\/div>\n\n\n\n<div class=\"wp-block-columns is-layout-flex wp-container-core-columns-is-layout-9d6595d7 wp-block-columns-is-layout-flex\">\n<div class=\"wp-block-column is-layout-flow wp-block-column-is-layout-flow\" style=\"padding-top:var(--wp--preset--spacing--50);flex-basis:40%\">\n<div class=\"wp-block-file\"><a id=\"wp-block-file--media-1068d557-0f7d-440d-97d7-6d8aaca0edb1\" href=\"https:\/\/www.artland-gymnasium.de\/wordpress\/wp-content\/uploads\/2023\/02\/2023-14-AstraDirket2.pdf\" target=\"_blank\" rel=\"noreferrer noopener\">AstraDirket (Datei 2)<\/a><\/div>\n<\/div>\n\n\n\n<div class=\"wp-block-column is-layout-flow wp-block-column-is-layout-flow\">\n<p><strong>Mietvertragsformular f\u00fcr ein Schlie\u00dffach<\/strong>&nbsp;bei der Firma AstraDirect<\/p>\n\n\n\n<p>Wenn Sie f\u00fcr Ihr Kind ein Schlie\u00dffach in der Schule mieten wollen, f\u00fcllen Sie bitte das Formular aus und schicken es an die Firma AstraDirect oder melden sich online an. Der Vertrag besteht direkt zwischen Ihnen und der Firma. Alle Formalit\u00e4ten und eventuellen R\u00fccksprachen (z.B. Fragen zum Zugangscode) werden zwischen Ihnen und der Firma AstraDirect gekl\u00e4rt.<\/p>\n<\/div>\n<\/div>\n\n\n\n<div class=\"wp-block-columns is-layout-flex wp-container-core-columns-is-layout-9d6595d7 wp-block-columns-is-layout-flex\">\n<div class=\"wp-block-column is-layout-flow wp-block-column-is-layout-flow\" style=\"padding-top:var(--wp--preset--spacing--50);flex-basis:40%\">\n<div class=\"wp-block-file\"><a id=\"wp-block-file--media-c97edb3f-2987-4ca4-8938-13584ff49aba\" href=\"https:\/\/www.artland-gymnasium.de\/wordpress\/wp-content\/uploads\/2023\/02\/2023-15-Foerdererverein-Beitrittserklaerung-2023.pdf\" target=\"_blank\" rel=\"noreferrer noopener\">F\u00f6rdererverein Beitrittserkl\u00e4rung<\/a><\/div>\n<\/div>\n\n\n\n<div class=\"wp-block-column is-layout-flow wp-block-column-is-layout-flow\">\n<p class=\"has-accent-color has-text-color\"><strong>Beitrittserkl\u00e4rung zum F\u00f6rdererverein<\/strong>&nbsp;(ggf. R\u00fcckgabe an die Schule)<\/p>\n\n\n\n<p class=\"has-accent-color has-text-color\">Der F\u00f6rdererverein unterst\u00fctzt die Sch\u00fclerinnen und Sch\u00fcler und die schulische Arbeit durch zahlreiche Ma\u00dfnahmen (Autorenlesungen, Unterrichtsmaterialien z.B. Dokumentenkameras, Unterst\u00fctzung von Projekten, Unterst\u00fctzung von bed\u00fcrftigen Sch\u00fclerinnen und Sch\u00fclern bei Klassenfahrten usw.).Werden auch Sie Mitglied und f\u00f6rdern so unsere Arbeit zum Wohle der Sch\u00fclerinnen und Sch\u00fcler. In dem Fall f\u00fcllen Sie bitte die Erkl\u00e4rung aus und legen sie den Anmeldeunterlagen bei.<\/p>\n<\/div>\n<\/div>\n\n\n\n<p><\/p>\n\n\n\n<p><\/p>\n\n\n\n<p><\/p>\n","protected":false},"excerpt":{"rendered":"<p>Erl\u00e4uterungen (Ausf\u00fcllhilfen) zum Anmeldepaket f\u00fcr die k\u00fcnftigen 5. Klassen zum Schuljahr 2023\/24 am Artland-Gymnasium Quakenbr\u00fcck (AGQ) Sehr geehrte Eltern und Erziehungsberechtigte, hier auf der Homepage finden Sie alle Anmeldeformulare, Informationsschreiben<\/p>\n","protected":false},"author":3,"featured_media":0,"comment_status":"closed","ping_status":"open","sticky":false,"template":"","format":"standard","meta":{"ngg_post_thumbnail":0,"footnotes":""},"categories":[1],"tags":[],"class_list":["post-8761","post","type-post","status-publish","format-standard","hentry","category-allgemein","comments-off"],"_links":{"self":[{"href":"https:\/\/www.artland-gymnasium.de\/wordpress\/wp-json\/wp\/v2\/posts\/8761","targetHints":{"allow":["GET"]}}],"collection":[{"href":"https:\/\/www.artland-gymnasium.de\/wordpress\/wp-json\/wp\/v2\/posts"}],"about":[{"href":"https:\/\/www.artland-gymnasium.de\/wordpress\/wp-json\/wp\/v2\/types\/post"}],"author":[{"embeddable":true,"href":"https:\/\/www.artland-gymnasium.de\/wordpress\/wp-json\/wp\/v2\/users\/3"}],"replies":[{"embeddable":true,"href":"https:\/\/www.artland-gymnasium.de\/wordpress\/wp-json\/wp\/v2\/comments?post=8761"}],"version-history":[{"count":19,"href":"https:\/\/www.artland-gymnasium.de\/wordpress\/wp-json\/wp\/v2\/posts\/8761\/revisions"}],"predecessor-version":[{"id":9038,"href":"https:\/\/www.artland-gymnasium.de\/wordpress\/wp-json\/wp\/v2\/posts\/8761\/revisions\/9038"}],"wp:attachment":[{"href":"https:\/\/www.artland-gymnasium.de\/wordpress\/wp-json\/wp\/v2\/media?parent=8761"}],"wp:term":[{"taxonomy":"category","embeddable":true,"href":"https:\/\/www.artland-gymnasium.de\/wordpress\/wp-json\/wp\/v2\/categories?post=8761"},{"taxonomy":"post_tag","embeddable":true,"href":"https:\/\/www.artland-gymnasium.de\/wordpress\/wp-json\/wp\/v2\/tags?post=8761"}],"curies":[{"name":"wp","href":"https:\/\/api.w.org\/{rel}","templated":true}]}}