{"id":966,"date":"2024-09-26T07:57:40","date_gmt":"2024-09-26T05:57:40","guid":{"rendered":"http:\/\/www.artland-gymnasium.de\/wordpress\/?p=966"},"modified":"2025-08-13T12:28:39","modified_gmt":"2025-08-13T10:28:39","slug":"fachgruppe-religion","status":"publish","type":"post","link":"https:\/\/www.artland-gymnasium.de\/wordpress\/2024\/09\/26\/fachgruppe-religion\/","title":{"rendered":"Fachgruppe Religion"},"content":{"rendered":"\n<h2 class=\"wp-block-heading\" id=\"1-das-fach-religion-und-die-mitglieder-der-fachgruppe\">1. Das Fach Religion und die Mitglieder der Fachgruppe<\/h2>\n\n\n\n<figure class=\"wp-block-image size-large\"><img loading=\"lazy\" decoding=\"async\" width=\"1024\" height=\"683\" src=\"https:\/\/www.artland-gymnasium.de\/wordpress\/wp-content\/uploads\/2024\/09\/Fachgruppe-Reli-2025-1024x683.jpg\" alt=\"\" class=\"wp-image-15699\" srcset=\"https:\/\/www.artland-gymnasium.de\/wordpress\/wp-content\/uploads\/2024\/09\/Fachgruppe-Reli-2025-1024x683.jpg 1024w, https:\/\/www.artland-gymnasium.de\/wordpress\/wp-content\/uploads\/2024\/09\/Fachgruppe-Reli-2025-300x200.jpg 300w, https:\/\/www.artland-gymnasium.de\/wordpress\/wp-content\/uploads\/2024\/09\/Fachgruppe-Reli-2025-768x512.jpg 768w, https:\/\/www.artland-gymnasium.de\/wordpress\/wp-content\/uploads\/2024\/09\/Fachgruppe-Reli-2025-1536x1024.jpg 1536w, https:\/\/www.artland-gymnasium.de\/wordpress\/wp-content\/uploads\/2024\/09\/Fachgruppe-Reli-2025-2048x1365.jpg 2048w, https:\/\/www.artland-gymnasium.de\/wordpress\/wp-content\/uploads\/2024\/09\/Fachgruppe-Reli-2025-600x400.jpg 600w\" sizes=\"auto, (max-width: 1024px) 100vw, 1024px\" \/><\/figure>\n\n\n\n<p><strong>Mitglieder der Fachgruppe<\/strong><\/p>\n\n\n\n<ul class=\"wp-block-list\">\n<li>Lea Drees (kath. Religion, Geschichte)<\/li>\n\n\n\n<li>Leonie Duaisidam (ev. Religion, Kunst; <em>Referendarin<\/em>)<\/li>\n\n\n\n<li>Heidi Greten (kath. Religion, Mathematik)<\/li>\n\n\n\n<li>Dr. Peter Langhorst (kath. Religion, Latein)<\/li>\n\n\n\n<li>Rieke Tabens (kath. Religion, Englisch)<\/li>\n\n\n\n<li>Tamara Budke (ev. Religion, Biologie, Englisch)<\/li>\n\n\n\n<li>Jana Krull (ev. Religion, Musik; <em>Fachobfrau<\/em>)<\/li>\n<\/ul>\n\n\n\n<p><strong>Fachvorstellung<\/strong><\/p>\n\n\n\n<p>Aufgaben des Religionsunterrichts:<\/p>\n\n\n\n<ul class=\"wp-block-list\">\n<li>Auseinandersetzung mit den Grundfragen des menschlichen Lebens<\/li>\n\n\n\n<li>Nachdenken \u00fcber Sinn und Wert des eigenen Lebens<\/li>\n\n\n\n<li>Vertrautmachen mit Formen gelebten Glaubens<\/li>\n\n\n\n<li>Bekanntmachen mit dem Glauben anderer Religionen<\/li>\n\n\n\n<li>F\u00f6rderung der religi\u00f6sen Dialog- und Urteilsf\u00e4higkeit<\/li>\n<\/ul>\n\n\n<div class=\"wp-block-image\">\n<figure class=\"aligncenter size-large is-resized\"><img decoding=\"async\" src=\"https:\/\/www.artland-gymnasium.de\/wordpress\/wp-content\/uploads\/2020\/03\/synagoge.jpg\" alt=\"\" class=\"wp-image-979\" style=\"width:600px\"\/><\/figure>\n<\/div>\n\n\n<p><strong>Unterrichtsorganisation<\/strong><br>Der Religionsunterricht (RU) wird in den Jahrg\u00e4ngen 5-11 durchg\u00e4ngig zweist\u00fcndig erteilt: in den Klassen 5 und 6 als konfessionell-kooperativer RU im Klassenverband, in den Jahrg\u00e4ngen 7-13 in der Regel als konfessioneller RU. In der Qualifikationsphase (Jg. 12-13) kann evangelische \/ katholische Religion als dreist\u00fcndiger Belegkurs oder als dreist\u00fcndiges Pr\u00fcfungsfach auf grundlegendem Niveau angew\u00e4hlt werden, gegebenenfalls auch als f\u00fcnfst\u00fcndiges Pr\u00fcfungsfach auf erh\u00f6htem Niveau. Diese Pr\u00fcfungskurse werden je nach Anwahl konfessionell oder konfessionell-kooperativ unterrichtet.<\/p>\n\n\n\n<h2 class=\"wp-block-heading\" id=\"2-stoffverteilungsplane\">2. Stoffverteilungspl\u00e4ne<\/h2>\n\n\n\n<div class=\"wp-block-file\"><a id=\"wp-block-file--media-ae656fb3-d3f8-4d6c-9848-8ba1c6d06e68\" href=\"https:\/\/www.artland-gymnasium.de\/wordpress\/wp-content\/uploads\/2020\/03\/sa_religion_ev_5_10.pdf\">Leitthemenplan f\u00fcr das Fach evangelische Religion<\/a><a href=\"https:\/\/www.artland-gymnasium.de\/wordpress\/wp-content\/uploads\/2020\/03\/sa_religion_ev_5_10.pdf\" class=\"wp-block-file__button wp-element-button\" download aria-describedby=\"wp-block-file--media-ae656fb3-d3f8-4d6c-9848-8ba1c6d06e68\">Herunterladen<\/a><\/div>\n\n\n\n<div class=\"wp-block-file\"><a id=\"wp-block-file--media-14c47a31-1bbf-448d-977b-382938db86e3\" href=\"https:\/\/www.artland-gymnasium.de\/wordpress\/wp-content\/uploads\/2020\/03\/sa_rk-5-10_2016.pdf\">Leitthemenplan f\u00fcr das Fach katholische Religion<\/a><a href=\"https:\/\/www.artland-gymnasium.de\/wordpress\/wp-content\/uploads\/2020\/03\/sa_rk-5-10_2016.pdf\" class=\"wp-block-file__button wp-element-button\" download aria-describedby=\"wp-block-file--media-14c47a31-1bbf-448d-977b-382938db86e3\">Herunterladen<\/a><\/div>\n\n\n\n<div class=\"wp-block-file\"><a id=\"wp-block-file--media-429cbd52-3066-4543-b8d7-c65b32fe58a8\" href=\"https:\/\/www.artland-gymnasium.de\/wordpress\/wp-content\/uploads\/2020\/03\/abitur_2021_reli_sa_covid-aenderungen.pdf\">Schuleigener Arbeitsplan (Abitur 2021 \/ kath. Religion)<\/a><a href=\"https:\/\/www.artland-gymnasium.de\/wordpress\/wp-content\/uploads\/2020\/03\/abitur_2021_reli_sa_covid-aenderungen.pdf\" class=\"wp-block-file__button wp-element-button\" download aria-describedby=\"wp-block-file--media-429cbd52-3066-4543-b8d7-c65b32fe58a8\">Herunterladen<\/a><\/div>\n\n\n\n<h2 class=\"wp-block-heading\" id=\"3-facherverbindende-projekte\">3. F\u00e4cherverbindende Projekte<\/h2>\n\n\n\n<p>Im Jahrgang 5 wird in Zusammenarbeit mit dem Fach Musik ein \u00f6kumenischer Gottesdienst vorbereitet und durchgef\u00fchrt. Im Jahrgang 10 bearbeitet die Fachgruppe Religion zum Thema \u201eNationalsozialismus\u201c den Aspekt \u201eChristlich motivierter Widerstand in der NS-Zeit\u201c in Zusammenarbeit mit dem Fach Geschichte.&nbsp;<\/p>\n\n\n\n<h2 class=\"wp-block-heading\" id=\"4-lehrbuch-und-weitere-arbeitsmaterialien\">4. Lehrbuch und weitere Arbeitsmaterialien<\/h2>\n\n\n\n<p><strong>Die Bibel ( Einheits\u00fcbersetzung)<\/strong><\/p>\n\n\n\n<figure class=\"wp-block-table\"><table><tbody><tr><td>Evangelischer Religionsunterricht<\/td><td>Klasse 5\/6: Das Kursbuch Religion 1<\/td><\/tr><tr><td><\/td><td>Klasse 7\/8: Das Kursbuch Religion 2<\/td><\/tr><tr><td><\/td><td>Klasse 9\/10: Das Kursbuch Religion 3<\/td><\/tr><tr><td>Katholischer Religionsunterricht<\/td><td>Klasse 5\/6: Zeit der Freude<\/td><\/tr><tr><td><\/td><td>Klasse 7\/8: Wege des Glaubens<\/td><\/tr><tr><td><\/td><td>Klasse 9\/10: Zeichen der Hoffnung<\/td><\/tr><\/tbody><\/table><\/figure>\n\n\n\n<h2 class=\"wp-block-heading\" id=\"5-leistungsbewertung\">5. Leistungsbewertung<\/h2>\n\n\n\n<p>In den Jahrg\u00e4ngen 5-10 wird pro Halbjahr eine schriftliche Lernkontrolle von jeweils 45 Minuten Dauer geschrieben. Schriftliche und sonstige Leistungen gehen im Verh\u00e4ltnis 1:2 in die Halb\u00acjahres-note ein. In der Jahrgangsstufe 11 wird in jedem Halbjahr eine Klausur von 90 Minuten Dauer geschrieben. Die Gewichtung von schriftlichen zu sonstigen Leistungen betr\u00e4gt 40 : 60.<br>In den dreist\u00fcndigen Kursen der Qualifikationsphase (grundlegendes Niveau) wird in jedem Halbjahr eine Klausur von 90 Minuten Dauer geschrieben. Die Gewichtung von schriftlichen zu sonstigen Leistungen betr\u00e4gt 1 : 1.&nbsp;<br>Im Pr\u00fcfungskurs werden im ersten Halbjahr zwei Klausuren geschrieben. Im zweiten bis vierten Halbjahr wird jeweils eine Klausur geschrieben, wobei die Klausur des dritten Halbjahres unter Abiturbedingungen durchgef\u00fchrt wird.<\/p>\n\n\n<div class=\"wp-block-image\">\n<figure class=\"aligncenter size-large\"><img decoding=\"async\" src=\"https:\/\/www.artland-gymnasium.de\/wordpress\/wp-content\/uploads\/2020\/03\/adventslichter2_religion-1024x151.jpg\" alt=\"\" class=\"wp-image-983\"\/><\/figure>\n<\/div>\n\n\n<h2 class=\"wp-block-heading\" id=\"6-kooperation-mit-ausserschulischen-partnern\">6. Kooperation mit au\u00dferschulischen Partnern<\/h2>\n\n\n\n<p>Das Fach Religion kooperiert anl\u00e4sslich der unterschiedlichen Gottesdienste im Verlauf des Schuljahres mit den hauptamtlichen VertreterInnen der Kirchengemeinden innerhalb des Einzugsbereichs des AGQ.<\/p>\n\n\n\n<p>Ferner besteht eine Kooperation mit den Krankenhausseelsorgerinnen des Christlichen Krankenhauses Quakenbr\u00fcck, da sich Sch\u00fclerInnen des AGQ als &#8222;Blaue Engel&#8220; am CKQ engagieren.<\/p>\n\n\n\n<h2 class=\"wp-block-heading\" id=\"7-links\">7. Links<\/h2>\n\n\n\n<p>Das Kerncurriculum f\u00fcr das Gymnasium Klasse 5 bis 10 im Fach evangelische Religion finden Sie&nbsp;<a href=\"http:\/\/db2.nibis.de\/1db\/cuvo\/datei\/re-e_gym_si_kc_2016.pdf\" target=\"_blank\" rel=\"noreferrer noopener\">hier<\/a>.<\/p>\n\n\n\n<p>Das Kerncurriculum f\u00fcr die gymnasiale Oberstufe im Fach evangelische Religion finden Sie&nbsp;<a href=\"http:\/\/db2.nibis.de\/1db\/cuvo\/datei\/re-e_go_kc_druck_2017.pdf\" target=\"_blank\" rel=\"noreferrer noopener\">hier<\/a>.<\/p>\n\n\n\n<p>Das Kerncurriculum f\u00fcr das Gymnasium Klasse 5 bis 10 im Fach katholische Religon finden Sie&nbsp;<a href=\"http:\/\/db2.nibis.de\/1db\/cuvo\/datei\/re-k_gym_si_kc_2016.pdf\" target=\"_blank\" rel=\"noreferrer noopener\">hier<\/a>.<\/p>\n\n\n\n<p>Das Kerncurriculum f\u00fcr die gymnasiale Oberstufe im Fach katholische Religion finden Sie&nbsp;<a href=\"http:\/\/db2.nibis.de\/1db\/cuvo\/datei\/re-k_go_kc_druck_2017.pdf\" target=\"_blank\" rel=\"noreferrer noopener\">hier<\/a>.&nbsp;<\/p>\n\n\n\n<p><a href=\"http:\/\/www.nibis.de\/nli1\/gohrgs\/operatoren\/operatoren_ab_2012\/op12_ev_rel.pdf\" target=\"_blank\" rel=\"noreferrer noopener\">Operatoren ev. Religion<\/a><\/p>\n\n\n\n<p><a href=\"http:\/\/www.nibis.de\/nli1\/gohrgs\/operatoren\/operatoren_ab_2013\/RkAbi2012Operatoren.pdf\" target=\"_blank\" rel=\"noreferrer noopener\">Operatoren kath. Religion<\/a><br><\/p>\n","protected":false},"excerpt":{"rendered":"<p>1. Das Fach Religion und die Mitglieder der Fachgruppe Mitglieder der Fachgruppe Fachvorstellung Aufgaben des Religionsunterrichts: UnterrichtsorganisationDer Religionsunterricht (RU) wird in den Jahrg\u00e4ngen 5-11 durchg\u00e4ngig zweist\u00fcndig erteilt: in den Klassen<\/p>\n","protected":false},"author":3,"featured_media":0,"comment_status":"closed","ping_status":"open","sticky":false,"template":"","format":"standard","meta":{"ngg_post_thumbnail":0,"footnotes":""},"categories":[1],"tags":[],"class_list":["post-966","post","type-post","status-publish","format-standard","hentry","category-allgemein","comments-off"],"_links":{"self":[{"href":"https:\/\/www.artland-gymnasium.de\/wordpress\/wp-json\/wp\/v2\/posts\/966","targetHints":{"allow":["GET"]}}],"collection":[{"href":"https:\/\/www.artland-gymnasium.de\/wordpress\/wp-json\/wp\/v2\/posts"}],"about":[{"href":"https:\/\/www.artland-gymnasium.de\/wordpress\/wp-json\/wp\/v2\/types\/post"}],"author":[{"embeddable":true,"href":"https:\/\/www.artland-gymnasium.de\/wordpress\/wp-json\/wp\/v2\/users\/3"}],"replies":[{"embeddable":true,"href":"https:\/\/www.artland-gymnasium.de\/wordpress\/wp-json\/wp\/v2\/comments?post=966"}],"version-history":[{"count":17,"href":"https:\/\/www.artland-gymnasium.de\/wordpress\/wp-json\/wp\/v2\/posts\/966\/revisions"}],"predecessor-version":[{"id":15700,"href":"https:\/\/www.artland-gymnasium.de\/wordpress\/wp-json\/wp\/v2\/posts\/966\/revisions\/15700"}],"wp:attachment":[{"href":"https:\/\/www.artland-gymnasium.de\/wordpress\/wp-json\/wp\/v2\/media?parent=966"}],"wp:term":[{"taxonomy":"category","embeddable":true,"href":"https:\/\/www.artland-gymnasium.de\/wordpress\/wp-json\/wp\/v2\/categories?post=966"},{"taxonomy":"post_tag","embeddable":true,"href":"https:\/\/www.artland-gymnasium.de\/wordpress\/wp-json\/wp\/v2\/tags?post=966"}],"curies":[{"name":"wp","href":"https:\/\/api.w.org\/{rel}","templated":true}]}}